{"id":2399,"date":"2020-06-19T12:18:16","date_gmt":"2020-06-19T11:18:16","guid":{"rendered":"http:\/\/www.foodmagazine.ma\/?p=2399"},"modified":"2020-06-19T12:18:18","modified_gmt":"2020-06-19T11:18:18","slug":"lasmex-fait-le-lien-entre-innovation-et-export","status":"publish","type":"post","link":"https:\/\/www.foodmagazine.ma\/?p=2399","title":{"rendered":"L\u2019ASMEX fait le lien entre innovation et export"},"content":{"rendered":"\n<figure class=\"wp-block-image size-large\"><img loading=\"lazy\" decoding=\"async\" width=\"1000\" height=\"700\" src=\"https:\/\/www.foodmagazine.ma\/wp-content\/uploads\/2020\/06\/PHOTO-2020-06-18-15-42-04.jpg\" alt=\"\" class=\"wp-image-2389\" srcset=\"https:\/\/www.foodmagazine.ma\/wp-content\/uploads\/2020\/06\/PHOTO-2020-06-18-15-42-04.jpg 1000w, https:\/\/www.foodmagazine.ma\/wp-content\/uploads\/2020\/06\/PHOTO-2020-06-18-15-42-04-300x210.jpg 300w, https:\/\/www.foodmagazine.ma\/wp-content\/uploads\/2020\/06\/PHOTO-2020-06-18-15-42-04-768x538.jpg 768w\" sizes=\"auto, (max-width: 1000px) 100vw, 1000px\" \/><\/figure>\n\n\n\n<p>Pour accompagner les exportateurs marocains dans leur qu\u00eate de performance et dans la gestion de l\u2019apr\u00e8s-crise, l\u2019Association Marocaine des Exportateurs (ASMEX) a organis\u00e9, le 17 juin, un webinaire intitul\u00e9 \u00ab L\u2019innovation, puissant levier pour booster vos capacit\u00e9s d\u2019export \u00bb. L\u2019objectif \u00e9tait d\u2019accompagner et sensibiliser ses membres sur des th\u00e9matiques visant \u00e0 d\u00e9velopper leur comp\u00e9titivit\u00e9 \u00e0 l\u2019export.<\/p>\n\n\n\n<p>Hassan Sentissi El Idrissi, Pr\u00e9sident de l\u2019ASMEX, a tout d\u2019abord rappel\u00e9 que la crise internationale que subit le secteur des exportations dans le monde a montr\u00e9 que l\u2019innovation et l\u2019adaptation des op\u00e9rateurs \u00e9conomiques \u00e0 leur nouvel environnement \u00e9taient des leviers incontournables de comp\u00e9titivit\u00e9. Un point d\u00e9velopp\u00e9 par Salim Berbache, Associ\u00e9 Ucotra Consulting et Expert en Management de l\u2019Innovation, qui a expliqu\u00e9 que l\u2019innovation pouvait \u00eatre traduite, dans le contexte global de l\u2019entreprise, par la capacit\u00e9 \u00e0 apporter des r\u00e9ponses appropri\u00e9es aux facteurs d\u2019influence externes et internes, \u00e0 g\u00e9n\u00e9rer une valeur ajout\u00e9e et \u00e0 pouvoir la recr\u00e9er au fil du temps.<\/p>\n\n\n\n<p>Dans la m\u00eame perspective, Eva Diedrichs, fondatrice et ancienne Directrice G\u00e9n\u00e9rale de l\u2019IMP\u00b3rove Academy en Allemagne, a rappel\u00e9 que la propagation de la pand\u00e9mie \u00e9tait un catalyseur pour l\u2019innovation au sein des entreprises. Selon elle, le but de l\u2019innovation est bel est bien la cr\u00e9ation de la valeur pour le consommateur, l\u2019entreprise elle-m\u00eame, les collaborateurs, les partenaires et tout l\u2019\u00e9cosyst\u00e8me avec lequel les entreprises sont en interaction.<\/p>\n\n\n\n<p>En ce qui concerne la nature des liens \u00ab innovation-export \u00bb, la conf\u00e9rence a mis en lumi\u00e8re le r\u00f4le de l\u2019export pour accroitre les revenus au-del\u00e0 du march\u00e9 local, d\u2019o\u00f9 l\u2019amortissement des investissements en innovation, et pour offrir \u00e0 l\u2019entreprise de nouveaux champs d\u2019exploration de l\u2019innovation. Pour finir, la rencontre a rappel\u00e9 que l\u2019export est facilit\u00e9 par l\u2019innovation, permettant de g\u00e9n\u00e9rer des avantages concurrentiels et des atouts distinctifs.<\/p>\n","protected":false},"excerpt":{"rendered":"<p>Pour accompagner les exportateurs marocains dans leur qu\u00eate de performance et dans la gestion de l\u2019apr\u00e8s-crise, l\u2019Association Marocaine des Exportateurs (ASMEX) a organis\u00e9, le 17 juin, un webinaire intitul\u00e9 \u00ab L\u2019innovation, puissant levier pour booster vos capacit\u00e9s d\u2019export \u00bb. L\u2019objectif \u00e9tait d\u2019accompagner et sensibiliser ses membres sur des th\u00e9matiques visant \u00e0 d\u00e9velopper leur comp\u00e9titivit\u00e9 \u00e0 &hellip;<\/p>\n","protected":false},"author":1,"featured_media":2389,"comment_status":"open","ping_status":"closed","sticky":false,"template":"","format":"standard","meta":{"footnotes":""},"categories":[6,2],"tags":[],"class_list":["post-2399","post","type-post","status-publish","format-standard","has-post-thumbnail","","category-a-la-une","category-actus-maroc"],"aioseo_notices":[],"_links":{"self":[{"href":"https:\/\/www.foodmagazine.ma\/index.php?rest_route=\/wp\/v2\/posts\/2399","targetHints":{"allow":["GET"]}}],"collection":[{"href":"https:\/\/www.foodmagazine.ma\/index.php?rest_route=\/wp\/v2\/posts"}],"about":[{"href":"https:\/\/www.foodmagazine.ma\/index.php?rest_route=\/wp\/v2\/types\/post"}],"author":[{"embeddable":true,"href":"https:\/\/www.foodmagazine.ma\/index.php?rest_route=\/wp\/v2\/users\/1"}],"replies":[{"embeddable":true,"href":"https:\/\/www.foodmagazine.ma\/index.php?rest_route=%2Fwp%2Fv2%2Fcomments&post=2399"}],"version-history":[{"count":1,"href":"https:\/\/www.foodmagazine.ma\/index.php?rest_route=\/wp\/v2\/posts\/2399\/revisions"}],"predecessor-version":[{"id":2400,"href":"https:\/\/www.foodmagazine.ma\/index.php?rest_route=\/wp\/v2\/posts\/2399\/revisions\/2400"}],"wp:featuredmedia":[{"embeddable":true,"href":"https:\/\/www.foodmagazine.ma\/index.php?rest_route=\/wp\/v2\/media\/2389"}],"wp:attachment":[{"href":"https:\/\/www.foodmagazine.ma\/index.php?rest_route=%2Fwp%2Fv2%2Fmedia&parent=2399"}],"wp:term":[{"taxonomy":"category","embeddable":true,"href":"https:\/\/www.foodmagazine.ma\/index.php?rest_route=%2Fwp%2Fv2%2Fcategories&post=2399"},{"taxonomy":"post_tag","embeddable":true,"href":"https:\/\/www.foodmagazine.ma\/index.php?rest_route=%2Fwp%2Fv2%2Ftags&post=2399"}],"curies":[{"name":"wp","href":"https:\/\/api.w.org\/{rel}","templated":true}]}}