{"id":2416,"date":"2020-06-23T15:29:32","date_gmt":"2020-06-23T14:29:32","guid":{"rendered":"http:\/\/www.foodmagazine.ma\/?p=2416"},"modified":"2020-06-23T15:29:34","modified_gmt":"2020-06-23T14:29:34","slug":"restauration-hotellerie-et-vols-domestiques-les-mesures-de-reprise-fixees","status":"publish","type":"post","link":"https:\/\/www.foodmagazine.ma\/?p=2416","title":{"rendered":"Restauration, h\u00f4tellerie et vols domestiques : les mesures de reprise fix\u00e9es"},"content":{"rendered":"\n<figure class=\"wp-block-image size-large\"><img loading=\"lazy\" decoding=\"async\" width=\"1000\" height=\"700\" src=\"https:\/\/www.foodmagazine.ma\/wp-content\/uploads\/2020\/06\/bedroom-door-entrance-guest-room-271639.jpg\" alt=\"\" class=\"wp-image-2407\" srcset=\"https:\/\/www.foodmagazine.ma\/wp-content\/uploads\/2020\/06\/bedroom-door-entrance-guest-room-271639.jpg 1000w, https:\/\/www.foodmagazine.ma\/wp-content\/uploads\/2020\/06\/bedroom-door-entrance-guest-room-271639-300x210.jpg 300w, https:\/\/www.foodmagazine.ma\/wp-content\/uploads\/2020\/06\/bedroom-door-entrance-guest-room-271639-768x538.jpg 768w\" sizes=\"auto, (max-width: 1000px) 100vw, 1000px\" \/><\/figure>\n\n\n\n<p>Faisant suite au communiqu\u00e9 conjoint du Minist\u00e8re de l\u2019Int\u00e9rieur, du Minist\u00e8re de la Sant\u00e9 et du Minist\u00e8re de l\u2019Industrie, du Commerce, de l\u2019\u00c9conomie verte et Num\u00e9rique, relatif au passage \u00e0 la 2\u00e8me phase du plan d\u2019all\u00e8gement du confinement sanitaire, le Minist\u00e8re du Tourisme, de l\u2019Artisanat, du Transport a\u00e9rien et de l\u2019\u00c9conomie sociale annonce la reprise, \u00e0 partir du 25 juin, de l\u2019activit\u00e9 de restauration, des vols domestiques et de l\u2019activit\u00e9 de l\u2019h\u00e9bergement touristique.<\/p>\n\n\n\n<p>D\u2019un c\u00f4t\u00e9, les restaurants touristiques sont tenus de respecter les dispositions sanitaires mises en place afin de garantir la s\u00e9curit\u00e9 sanitaire aussi bien des clients, du personnel que de tous les autres usagers desdits restaurants. Ces dispositions concernent notamment la d\u00e9sinfection et le nettoyage, les r\u00e8gles de s\u00e9curit\u00e9 sanitaire, la distanciation sociale et la limitation de la capacit\u00e9 d\u2019accueil du restaurant \u00e0 50%.<\/p>\n\n\n\n<p>D\u2019un autre c\u00f4t\u00e9, pour garantir la s\u00e9curit\u00e9 des passagers, du personnel, ainsi que de tous les usagers du transport a\u00e9rien, les compagnies a\u00e9riennes nationales ainsi que l\u2019Office National Des A\u00e9roports ont mis en place une batterie de mesures sanitaires aux normes internationales. \u00c0 noter que les d\u00e9placements entre les zones 1 et 2 sont soumis aux m\u00eames restrictions que pour les autres modes de transport, \u00e0 savoir l\u2019obligation de disposer d\u2019une autorisation professionnelle (ordre de mission) ou d\u2019une autorisation exceptionnelle d\u00e9livr\u00e9e par les autorit\u00e9s locales pour des raisons de force majeure.<\/p>\n\n\n\n<p>Enfin, les \u00e9tablissements d\u2019h\u00e9bergement touristique (EHT) sont tenus de respecter les dispositions sanitaires permettant de garantir la s\u00e9curit\u00e9 sanitaire aussi bien des clients, du personnel et de tous les autres usagers desdits \u00e9tablissements. Il s\u2019agit de la d\u00e9sinfection r\u00e9guli\u00e8re, de la limitation du nombre de clients pouvant acc\u00e9der \u00e0 l\u2019EHT en m\u00eame temps, de l\u2019instauration d\u2019un vide sanitaire de 6h entre chaque r\u00e9servation, ainsi que de la d\u00e9sinfection des bagages au moment du check-in et \u00e0 la remise des cl\u00e9s par les clients lors du check-out. Les \u00e9tablissements d\u2019h\u00e9bergement touristique sont tenus de respecter une capacit\u00e9 maximale de 50% de la capacit\u00e9 d\u2019h\u00e9bergement et dans toutes les zones communes telles que les restaurants, hammams, salons de coiffure, salles de sport, boutiques et autres points accueillant du public.<\/p>\n","protected":false},"excerpt":{"rendered":"<p>Faisant suite au communiqu\u00e9 conjoint du Minist\u00e8re de l\u2019Int\u00e9rieur, du Minist\u00e8re de la Sant\u00e9 et du Minist\u00e8re de l\u2019Industrie, du Commerce, de l\u2019\u00c9conomie verte et Num\u00e9rique, relatif au passage \u00e0 la 2\u00e8me phase du plan d\u2019all\u00e8gement du confinement sanitaire, le Minist\u00e8re du Tourisme, de l\u2019Artisanat, du Transport a\u00e9rien et de l\u2019\u00c9conomie sociale annonce la reprise, &hellip;<\/p>\n","protected":false},"author":1,"featured_media":2407,"comment_status":"open","ping_status":"closed","sticky":false,"template":"","format":"standard","meta":{"footnotes":""},"categories":[6,2],"tags":[],"class_list":["post-2416","post","type-post","status-publish","format-standard","has-post-thumbnail","","category-a-la-une","category-actus-maroc"],"aioseo_notices":[],"_links":{"self":[{"href":"https:\/\/www.foodmagazine.ma\/index.php?rest_route=\/wp\/v2\/posts\/2416","targetHints":{"allow":["GET"]}}],"collection":[{"href":"https:\/\/www.foodmagazine.ma\/index.php?rest_route=\/wp\/v2\/posts"}],"about":[{"href":"https:\/\/www.foodmagazine.ma\/index.php?rest_route=\/wp\/v2\/types\/post"}],"author":[{"embeddable":true,"href":"https:\/\/www.foodmagazine.ma\/index.php?rest_route=\/wp\/v2\/users\/1"}],"replies":[{"embeddable":true,"href":"https:\/\/www.foodmagazine.ma\/index.php?rest_route=%2Fwp%2Fv2%2Fcomments&post=2416"}],"version-history":[{"count":1,"href":"https:\/\/www.foodmagazine.ma\/index.php?rest_route=\/wp\/v2\/posts\/2416\/revisions"}],"predecessor-version":[{"id":2417,"href":"https:\/\/www.foodmagazine.ma\/index.php?rest_route=\/wp\/v2\/posts\/2416\/revisions\/2417"}],"wp:featuredmedia":[{"embeddable":true,"href":"https:\/\/www.foodmagazine.ma\/index.php?rest_route=\/wp\/v2\/media\/2407"}],"wp:attachment":[{"href":"https:\/\/www.foodmagazine.ma\/index.php?rest_route=%2Fwp%2Fv2%2Fmedia&parent=2416"}],"wp:term":[{"taxonomy":"category","embeddable":true,"href":"https:\/\/www.foodmagazine.ma\/index.php?rest_route=%2Fwp%2Fv2%2Fcategories&post=2416"},{"taxonomy":"post_tag","embeddable":true,"href":"https:\/\/www.foodmagazine.ma\/index.php?rest_route=%2Fwp%2Fv2%2Ftags&post=2416"}],"curies":[{"name":"wp","href":"https:\/\/api.w.org\/{rel}","templated":true}]}}