{"id":2432,"date":"2020-06-26T12:14:28","date_gmt":"2020-06-26T11:14:28","guid":{"rendered":"http:\/\/www.foodmagazine.ma\/?p=2432"},"modified":"2020-06-26T12:14:30","modified_gmt":"2020-06-26T11:14:30","slug":"macfrut-digital-un-programme-exclusif-pour-les-acheteurs-du-monde-entier","status":"publish","type":"post","link":"https:\/\/www.foodmagazine.ma\/?p=2432","title":{"rendered":"Macfrut Digital : un programme exclusif pour les acheteurs du monde entier"},"content":{"rendered":"\n<figure class=\"wp-block-image size-large\"><img loading=\"lazy\" decoding=\"async\" width=\"1000\" height=\"334\" src=\"https:\/\/www.foodmagazine.ma\/wp-content\/uploads\/2020\/06\/Logo.jpg\" alt=\"\" class=\"wp-image-2425\" srcset=\"https:\/\/www.foodmagazine.ma\/wp-content\/uploads\/2020\/06\/Logo.jpg 1000w, https:\/\/www.foodmagazine.ma\/wp-content\/uploads\/2020\/06\/Logo-300x100.jpg 300w, https:\/\/www.foodmagazine.ma\/wp-content\/uploads\/2020\/06\/Logo-768x257.jpg 768w\" sizes=\"auto, (max-width: 1000px) 100vw, 1000px\" \/><\/figure>\n\n\n\n<p>Nous vous l\u2019avions annonc\u00e9 pr\u00e9c\u00e9demment : l\u2019\u00e9dition 2020 de Macfrut, salon international consacr\u00e9 aux fruits et l\u00e9gumes, sera enti\u00e8rement num\u00e9rique et se d\u00e9roulera du 8 au 10 septembre. \u00c0 travers la plateforme, il sera possible d\u2019organiser et g\u00e9rer des rencontres d\u2019affaires avec les exposants, avec des avantages particuliers pour les acheteurs : en effet, s\u2019inscrivant avant le 25 juillet, ils auront droit \u00e0 l\u2019acc\u00e8s VIP, qui pr\u00e9voit une s\u00e9rie de b\u00e9n\u00e9fices et un agenda personnalis\u00e9.<\/p>\n\n\n\n<p>Macfrut Digital ne sera pas une place de march\u00e9 virtuelle, mais un \u00e9v\u00e8nement unique, une formule efficace, simple et abordable, avec une partie d\u00e9di\u00e9e aux exposants et une partie d\u00e9di\u00e9e aux congr\u00e8s. Du 8 au 10 septembre, \u00e0 travers son ordinateur\/tablette\/smartphone et de n\u2019importe o\u00f9 dans le monde, il sera possible de visiter les stands des entreprises du secteur, qui en ce moment sont en train d\u2019adh\u00e9rer avec enthousiasme au nouveau projet. Mais ce ne sera pas une simple visite : les acheteurs pourront profiter d\u2019un agenda personnalis\u00e9 pendant les trois jours de la manifestation, en adh\u00e9rant au \u00ab Programme B2B \u00bb. Pour obtenir ces avantages, les acheteurs \u2013 et eux seuls \u2013 devront s\u2019inscrire \u00e0 travers un formulaire en ligne avant le 25 juillet afin de recevoir l\u2019acc\u00e8s VIP. Gr\u00e2ce \u00e0 ce laissez-passer exclusif, ils pourront commencer \u00e0 cr\u00e9er leur agenda de rendez-vous \u00e0 l\u2019avance. En effet, les entreprises exposantes pourront consulter les profils des acheteurs et, vice-versa, les informations sur les entreprises ayant un stand virtuel sur la plateforme seront disponibles pour les acheteurs. En ao\u00fbt, le programme des rencontres B2B de chaque acheteur sera d\u00e9fini et devra \u00eatre confirm\u00e9 par le buyer avant la fin du mois. Les rencontres commerciales auront lieu pendant les trois jours du salon (8, 9, 10 septembre), gr\u00e2ce au syst\u00e8me de vid\u00e9oconf\u00e9rence de la plateforme Natlive sur laquelle repose tout l\u2019\u00e9v\u00e8nement virtuel.<\/p>\n\n\n\n<p>\u00ab <em>La participation \u00e0 un salon num\u00e9rique comme celui-ci est beaucoup plus ample, car il annule les distances et r\u00e9duit les temps <\/em>\u00bb, affirme Renzo Piraccini, Pr\u00e9sident de Macfrut. \u00ab <em>Gr\u00e2ce \u00e0 la collaboration avec l<\/em><em>\u2019<\/em><em>Agence ICE pour le Commerce \u00c9tranger, nous travaillons de mani<\/em><em>\u00e8<\/em><em>re diffuse pour inviter des acheteurs provenant du monde entier, avec une attention particuli<\/em><em>\u00e8<\/em><em>re vis-\u00e0-vis de ceux qui, \u00e0 cause de la distance, avaient des difficult\u00e9s \u00e0 se rendre \u00e0 Rimini pour participer au salon traditionnel <\/em>\u00bb, conclut M. Piraccini.<\/p>\n","protected":false},"excerpt":{"rendered":"<p>Nous vous l\u2019avions annonc\u00e9 pr\u00e9c\u00e9demment : l\u2019\u00e9dition 2020 de Macfrut, salon international consacr\u00e9 aux fruits et l\u00e9gumes, sera enti\u00e8rement num\u00e9rique et se d\u00e9roulera du 8 au 10 septembre. \u00c0 travers la plateforme, il sera possible d\u2019organiser et g\u00e9rer des rencontres d\u2019affaires avec les exposants, avec des avantages particuliers pour les acheteurs : en effet, s\u2019inscrivant &hellip;<\/p>\n","protected":false},"author":1,"featured_media":2425,"comment_status":"open","ping_status":"closed","sticky":false,"template":"","format":"standard","meta":{"footnotes":""},"categories":[6,3],"tags":[],"class_list":["post-2432","post","type-post","status-publish","format-standard","has-post-thumbnail","","category-a-la-une","category-actus-monde"],"aioseo_notices":[],"_links":{"self":[{"href":"https:\/\/www.foodmagazine.ma\/index.php?rest_route=\/wp\/v2\/posts\/2432","targetHints":{"allow":["GET"]}}],"collection":[{"href":"https:\/\/www.foodmagazine.ma\/index.php?rest_route=\/wp\/v2\/posts"}],"about":[{"href":"https:\/\/www.foodmagazine.ma\/index.php?rest_route=\/wp\/v2\/types\/post"}],"author":[{"embeddable":true,"href":"https:\/\/www.foodmagazine.ma\/index.php?rest_route=\/wp\/v2\/users\/1"}],"replies":[{"embeddable":true,"href":"https:\/\/www.foodmagazine.ma\/index.php?rest_route=%2Fwp%2Fv2%2Fcomments&post=2432"}],"version-history":[{"count":1,"href":"https:\/\/www.foodmagazine.ma\/index.php?rest_route=\/wp\/v2\/posts\/2432\/revisions"}],"predecessor-version":[{"id":2433,"href":"https:\/\/www.foodmagazine.ma\/index.php?rest_route=\/wp\/v2\/posts\/2432\/revisions\/2433"}],"wp:featuredmedia":[{"embeddable":true,"href":"https:\/\/www.foodmagazine.ma\/index.php?rest_route=\/wp\/v2\/media\/2425"}],"wp:attachment":[{"href":"https:\/\/www.foodmagazine.ma\/index.php?rest_route=%2Fwp%2Fv2%2Fmedia&parent=2432"}],"wp:term":[{"taxonomy":"category","embeddable":true,"href":"https:\/\/www.foodmagazine.ma\/index.php?rest_route=%2Fwp%2Fv2%2Fcategories&post=2432"},{"taxonomy":"post_tag","embeddable":true,"href":"https:\/\/www.foodmagazine.ma\/index.php?rest_route=%2Fwp%2Fv2%2Ftags&post=2432"}],"curies":[{"name":"wp","href":"https:\/\/api.w.org\/{rel}","templated":true}]}}