{"id":2521,"date":"2020-07-07T12:35:43","date_gmt":"2020-07-07T11:35:43","guid":{"rendered":"http:\/\/www.foodmagazine.ma\/?p=2521"},"modified":"2020-07-08T11:18:06","modified_gmt":"2020-07-08T10:18:06","slug":"situation-epidemiologique-le-ministere-de-sante-met-a-jour-les-procedures-de-prise-en-charge-des-cas-et-de-leurs-contacts","status":"publish","type":"post","link":"https:\/\/www.foodmagazine.ma\/?p=2521","title":{"rendered":"Situation \u00e9pid\u00e9miologique : le Minist\u00e8re de la sant\u00e9 met \u00e0 jour les proc\u00e9dures de prise en charge des cas et de leurs contacts"},"content":{"rendered":"\n<figure class=\"wp-block-image size-large\"><img loading=\"lazy\" decoding=\"async\" width=\"1000\" height=\"667\" src=\"https:\/\/www.foodmagazine.ma\/wp-content\/uploads\/2020\/07\/Image-par-Vesna-Harni-de-Pixabay.jpg\" alt=\"\" class=\"wp-image-2522\" srcset=\"https:\/\/www.foodmagazine.ma\/wp-content\/uploads\/2020\/07\/Image-par-Vesna-Harni-de-Pixabay.jpg 1000w, https:\/\/www.foodmagazine.ma\/wp-content\/uploads\/2020\/07\/Image-par-Vesna-Harni-de-Pixabay-300x200.jpg 300w, https:\/\/www.foodmagazine.ma\/wp-content\/uploads\/2020\/07\/Image-par-Vesna-Harni-de-Pixabay-768x512.jpg 768w\" sizes=\"auto, (max-width: 1000px) 100vw, 1000px\" \/><figcaption><em>\u00a9Vesna Harni de Pixabay<\/em><\/figcaption><\/figure>\n\n\n\n<p>Dans le contexte \u00e9pid\u00e9miologique actuel de Covid-19, marqu\u00e9 par l\u2019augmentation significative des cas confirm\u00e9s, souvent asymptomatiques et sous forme de foyers \u00e9pid\u00e9miques en milieu professionnel (comme le cas de la conserverie de poissons \u00e0 Safi) et communautaire, le Minist\u00e8re de la Sant\u00e9 a mis \u00e0 jour les proc\u00e9dures de prise en charge des cas et de leurs contacts et a \u00e9labor\u00e9 deux notes de cadrage, respectivement relatives \u00e0 l\u2019investigation des foyers et au d\u00e9pistage, et ce sur avis du comit\u00e9 scientifique et technique.<\/p>\n\n\n\n<p>Le \u00ab Guide de suivi des contacts \u00bb comprend le processus d\u2019identification, d\u2019\u00e9valuation et de prise en charge des personnes expos\u00e9es au risque de Covid-19, ayant \u00e9t\u00e9 en contact avec un sujet atteint de la maladie. La r\u00e9ussite de cette op\u00e9ration n\u00e9cessite un travail d\u2019\u00e9quipe et une collaboration avec les autorit\u00e9s locales.<\/p>\n\n\n\n<p>Par ailleurs, la note de cadrage relative \u00e0 la strat\u00e9gie de d\u00e9pistage a pour objectif d\u2019identifier et isoler les personnes test\u00e9es positives au Covid-19, afin de briser le plus rapidement possible la chaine de transmission. Afin d\u2019adapter ladite strat\u00e9gie au contexte \u00e9pid\u00e9miologique actuel et am\u00e9liorer sa performance, le Minist\u00e8re recommande aux Directions R\u00e9gionales de la Sant\u00e9 de se conformer \u00e0 des \u00e9l\u00e9ments de cadrage qui concernent, d\u2019un c\u00f4t\u00e9 le d\u00e9pistage au niveau des unit\u00e9s professionnelles et des collectivit\u00e9s ferm\u00e9es et, d\u2019un autre c\u00f4t\u00e9, le d\u00e9pistage au profit des Marocains rapatri\u00e9s de l\u2019\u00e9tranger.<\/p>\n\n\n\n<p>Enfin, la note de cadrage relative \u00e0 l\u2019investigation \u00e9pid\u00e9miologique d\u2019un foyer \u00e9pid\u00e9mique au Covid-19 pr\u00e9sente les orientations pour structurer la d\u00e9marche d\u2019investigation devant permettre d\u2019estimer l\u2019ampleur du foyer \u00e9pid\u00e9mique, identifier son origine et d\u00e9terminer les facteurs associ\u00e9s \u00e0 son \u00e9closion.<\/p>\n\n\n\n<p><a href=\"https:\/\/www.foodmagazine.ma\/wp-content\/uploads\/2020\/07\/Circulaire-50-DELM.pdf\" target=\"_blank\" aria-label=\"T\u00e9l\u00e9chargez ici la circulaire du Ministre de la Sant\u00e9 (opens in a new tab)\" rel=\"noreferrer noopener\" class=\"aioseop-link\">T\u00e9l\u00e9chargez ici la circulaire du Ministre de la Sant\u00e9<\/a><\/p>\n","protected":false},"excerpt":{"rendered":"<p>\u00a9Vesna Harni de Pixabay Dans le contexte \u00e9pid\u00e9miologique actuel de Covid-19, marqu\u00e9 par l\u2019augmentation significative des cas confirm\u00e9s, souvent asymptomatiques et sous forme de foyers \u00e9pid\u00e9miques en milieu professionnel (comme le cas de la conserverie de poissons \u00e0 Safi) et communautaire, le Minist\u00e8re de la Sant\u00e9 a mis \u00e0 jour les proc\u00e9dures de prise en &hellip;<\/p>\n","protected":false},"author":1,"featured_media":2522,"comment_status":"open","ping_status":"closed","sticky":false,"template":"","format":"standard","meta":{"footnotes":""},"categories":[6,2],"tags":[],"class_list":["post-2521","post","type-post","status-publish","format-standard","has-post-thumbnail","","category-a-la-une","category-actus-maroc"],"aioseo_notices":[],"_links":{"self":[{"href":"https:\/\/www.foodmagazine.ma\/index.php?rest_route=\/wp\/v2\/posts\/2521","targetHints":{"allow":["GET"]}}],"collection":[{"href":"https:\/\/www.foodmagazine.ma\/index.php?rest_route=\/wp\/v2\/posts"}],"about":[{"href":"https:\/\/www.foodmagazine.ma\/index.php?rest_route=\/wp\/v2\/types\/post"}],"author":[{"embeddable":true,"href":"https:\/\/www.foodmagazine.ma\/index.php?rest_route=\/wp\/v2\/users\/1"}],"replies":[{"embeddable":true,"href":"https:\/\/www.foodmagazine.ma\/index.php?rest_route=%2Fwp%2Fv2%2Fcomments&post=2521"}],"version-history":[{"count":3,"href":"https:\/\/www.foodmagazine.ma\/index.php?rest_route=\/wp\/v2\/posts\/2521\/revisions"}],"predecessor-version":[{"id":2529,"href":"https:\/\/www.foodmagazine.ma\/index.php?rest_route=\/wp\/v2\/posts\/2521\/revisions\/2529"}],"wp:featuredmedia":[{"embeddable":true,"href":"https:\/\/www.foodmagazine.ma\/index.php?rest_route=\/wp\/v2\/media\/2522"}],"wp:attachment":[{"href":"https:\/\/www.foodmagazine.ma\/index.php?rest_route=%2Fwp%2Fv2%2Fmedia&parent=2521"}],"wp:term":[{"taxonomy":"category","embeddable":true,"href":"https:\/\/www.foodmagazine.ma\/index.php?rest_route=%2Fwp%2Fv2%2Fcategories&post=2521"},{"taxonomy":"post_tag","embeddable":true,"href":"https:\/\/www.foodmagazine.ma\/index.php?rest_route=%2Fwp%2Fv2%2Ftags&post=2521"}],"curies":[{"name":"wp","href":"https:\/\/api.w.org\/{rel}","templated":true}]}}