{"id":2557,"date":"2020-07-14T11:26:26","date_gmt":"2020-07-14T10:26:26","guid":{"rendered":"http:\/\/www.foodmagazine.ma\/?p=2557"},"modified":"2020-07-14T11:28:58","modified_gmt":"2020-07-14T10:28:58","slug":"rappel-a-lordre-du-ministere-de-linterieur","status":"publish","type":"post","link":"https:\/\/www.foodmagazine.ma\/?p=2557","title":{"rendered":"Rappel \u00e0 l\u2019ordre du Minist\u00e8re de l\u2019Int\u00e9rieur"},"content":{"rendered":"\n<figure class=\"wp-block-image size-large\"><img loading=\"lazy\" decoding=\"async\" width=\"1000\" height=\"667\" src=\"https:\/\/www.foodmagazine.ma\/wp-content\/uploads\/2020\/07\/Photo-de-cottonbro-provenant-de-Pexels.jpg\" alt=\"\" class=\"wp-image-2555\" srcset=\"https:\/\/www.foodmagazine.ma\/wp-content\/uploads\/2020\/07\/Photo-de-cottonbro-provenant-de-Pexels.jpg 1000w, https:\/\/www.foodmagazine.ma\/wp-content\/uploads\/2020\/07\/Photo-de-cottonbro-provenant-de-Pexels-300x200.jpg 300w, https:\/\/www.foodmagazine.ma\/wp-content\/uploads\/2020\/07\/Photo-de-cottonbro-provenant-de-Pexels-768x512.jpg 768w\" sizes=\"auto, (max-width: 1000px) 100vw, 1000px\" \/><figcaption><em>\u00a9cottonbro &#8211; Pexels<\/em><\/figcaption><\/figure>\n\n\n\n<p>Dans un communiqu\u00e9 publi\u00e9 le 13 juillet, le Minist\u00e8re de l\u2019Int\u00e9rieur a r\u00e9it\u00e9r\u00e9 que le nombre croissant de cas et de d\u00e9c\u00e8s li\u00e9s au Covid-19 \u00e9taient dus au non respect des mesures pr\u00e9ventives instaur\u00e9es par les autorit\u00e9s, notamment le port obligatoire de masque, le respect de la distanciation physique, le lavage r\u00e9gulier des mains et l&#8217;utilisation de l&#8217;application \u00ab wiqaytna \u00bb.<\/p>\n\n\n\n<p>Par ailleurs, le minist\u00e8re de l\u2019Int\u00e9rieur a \u00e9galement annonc\u00e9 hier que, \u00ab<em> suite \u00e0 l&#8217;observation du non engagement de certains vis-\u00e0-vis des orientations de pr\u00e9vention adopt\u00e9es dans le cadre de l\u2019\u00e9tat d<\/em><em>\u2019<\/em><em>urgence sanitaire, les autorit\u00e9s publiques proc\u00e9deront \u00e0 la fermeture des quartiers qui constitueraient de nouveaux foyers d<\/em><em>\u2019<\/em><em>infection, en ce sens qu&#8217;ils seront boucl\u00e9s, les mesures de contr\u00f4le renforc\u00e9es et les entr\u00e9es et sorties ferm\u00e9es comme ce fut le cas dimanche \u00e0 <\/em><em>Tanger, o<\/em><em>\u00f9 <\/em><em>plusieurs quartiers ont \u00e9t\u00e9 <\/em><em>ferm<\/em><em>\u00e9<\/em><em>s.<\/em> \u00bb<\/p>\n\n\n\n<p>Dans son communiqu\u00e9, le Minist\u00e8re rappelle que les autorit\u00e9s publiques ont ferm\u00e9, dans certaines r\u00e9gions, toute unit\u00e9 de production, de service ou de tourisme qui n&#8217;avait pas veill\u00e9 au respect des r\u00e8gles du protocole sanitaire en vigueur. Il pr\u00e9vient \u00e9galement que les autorit\u00e9s \u00ab ne tol\u00e9reront aucune l\u00e9g\u00e8ret\u00e9 dans le respect des mesures pr\u00e9ventives adopt\u00e9es, sous peine d\u2019appliquer les dispositions r\u00e9pressives \u00e0 l\u2019encontre de toute personne qui violerait les r\u00e8gles \u00e9tablies. \u00bb<\/p>\n\n\n\n<p>Employeurs, responsables d\u2019institutions administratives et citoyens doivent donc respecter strictement toutes les mesures pr\u00e9ventives adopt\u00e9es par les autorit\u00e9s.<\/p>\n","protected":false},"excerpt":{"rendered":"<p>\u00a9cottonbro &#8211; Pexels Dans un communiqu\u00e9 publi\u00e9 le 13 juillet, le Minist\u00e8re de l\u2019Int\u00e9rieur a r\u00e9it\u00e9r\u00e9 que le nombre croissant de cas et de d\u00e9c\u00e8s li\u00e9s au Covid-19 \u00e9taient dus au non respect des mesures pr\u00e9ventives instaur\u00e9es par les autorit\u00e9s, notamment le port obligatoire de masque, le respect de la distanciation physique, le lavage r\u00e9gulier &hellip;<\/p>\n","protected":false},"author":1,"featured_media":2555,"comment_status":"open","ping_status":"closed","sticky":false,"template":"","format":"standard","meta":{"footnotes":""},"categories":[6,2],"tags":[],"class_list":["post-2557","post","type-post","status-publish","format-standard","has-post-thumbnail","","category-a-la-une","category-actus-maroc"],"aioseo_notices":[],"_links":{"self":[{"href":"https:\/\/www.foodmagazine.ma\/index.php?rest_route=\/wp\/v2\/posts\/2557","targetHints":{"allow":["GET"]}}],"collection":[{"href":"https:\/\/www.foodmagazine.ma\/index.php?rest_route=\/wp\/v2\/posts"}],"about":[{"href":"https:\/\/www.foodmagazine.ma\/index.php?rest_route=\/wp\/v2\/types\/post"}],"author":[{"embeddable":true,"href":"https:\/\/www.foodmagazine.ma\/index.php?rest_route=\/wp\/v2\/users\/1"}],"replies":[{"embeddable":true,"href":"https:\/\/www.foodmagazine.ma\/index.php?rest_route=%2Fwp%2Fv2%2Fcomments&post=2557"}],"version-history":[{"count":2,"href":"https:\/\/www.foodmagazine.ma\/index.php?rest_route=\/wp\/v2\/posts\/2557\/revisions"}],"predecessor-version":[{"id":2561,"href":"https:\/\/www.foodmagazine.ma\/index.php?rest_route=\/wp\/v2\/posts\/2557\/revisions\/2561"}],"wp:featuredmedia":[{"embeddable":true,"href":"https:\/\/www.foodmagazine.ma\/index.php?rest_route=\/wp\/v2\/media\/2555"}],"wp:attachment":[{"href":"https:\/\/www.foodmagazine.ma\/index.php?rest_route=%2Fwp%2Fv2%2Fmedia&parent=2557"}],"wp:term":[{"taxonomy":"category","embeddable":true,"href":"https:\/\/www.foodmagazine.ma\/index.php?rest_route=%2Fwp%2Fv2%2Fcategories&post=2557"},{"taxonomy":"post_tag","embeddable":true,"href":"https:\/\/www.foodmagazine.ma\/index.php?rest_route=%2Fwp%2Fv2%2Ftags&post=2557"}],"curies":[{"name":"wp","href":"https:\/\/api.w.org\/{rel}","templated":true}]}}