{"id":2564,"date":"2020-07-14T11:32:46","date_gmt":"2020-07-14T10:32:46","guid":{"rendered":"http:\/\/www.foodmagazine.ma\/?p=2564"},"modified":"2020-07-14T11:32:48","modified_gmt":"2020-07-14T10:32:48","slug":"evaluation-environnementale-les-industriels-se-penchent-sur-le-projet-de-loi","status":"publish","type":"post","link":"https:\/\/www.foodmagazine.ma\/?p=2564","title":{"rendered":"\u00c9valuation environnementale: les industriels se penchent sur le projet de loi"},"content":{"rendered":"\n<figure class=\"wp-block-image size-large\"><img loading=\"lazy\" decoding=\"async\" width=\"1000\" height=\"667\" src=\"https:\/\/www.foodmagazine.ma\/wp-content\/uploads\/2020\/07\/Image-par-annca-de-Pixabay.jpg\" alt=\"\" class=\"wp-image-2552\" srcset=\"https:\/\/www.foodmagazine.ma\/wp-content\/uploads\/2020\/07\/Image-par-annca-de-Pixabay.jpg 1000w, https:\/\/www.foodmagazine.ma\/wp-content\/uploads\/2020\/07\/Image-par-annca-de-Pixabay-300x200.jpg 300w, https:\/\/www.foodmagazine.ma\/wp-content\/uploads\/2020\/07\/Image-par-annca-de-Pixabay-768x512.jpg 768w\" sizes=\"auto, (max-width: 1000px) 100vw, 1000px\" \/><figcaption><em>\u00a9annca &#8211; Pixabay<\/em><\/figcaption><\/figure>\n\n\n\n<p>Sous le th\u00e8me \u00ab Projet de loi sur l\u2019\u00e9valuation environnementale : vers un outil performant de d\u00e9veloppement durable \u00bb, le Groupement Interprofessionnel de Pr\u00e9vention et de S\u00e9curit\u00e9 Industrielle (GIPSI) organise, le 15 juillet \u00e0 17h, un webinaire \u00e0 l\u2019occasion de la journ\u00e9e mondiale de l\u2019environnement.<\/p>\n\n\n\n<p>Le webinaire sera consacr\u00e9 au nouveau projet de loi N\u00b0 49.17 sur l\u2019\u00e9valuation environnementale, afin d\u2019apporter des \u00e9l\u00e9ments de r\u00e9ponses aux diff\u00e9rentes questions que se posent les op\u00e9rateurs \u00e9conomiques. Il s\u2019agit notamment des principales limites identifi\u00e9es dans la mise en \u0153uvre de la loi 12-03 et des \u00e9l\u00e9ments de r\u00e9ponses qui sont pr\u00e9vus dans le nouveau projet de loi, des \u00e9l\u00e9ments de rupture avec la loi existante, des principaux acteurs dans le futur processus de l\u2019\u00e9valuation environnementale, des diff\u00e9rents types d\u2019\u00e9valuation environnementale pr\u00e9vus dans le nouveau projet de loi, ainsi que des dispositions prises en compte dans son \u00e9laboration.<\/p>\n\n\n\n<p>\u00c0 c\u00f4t\u00e9 de Mohammed Fikrat, Pr\u00e9sident du GIPSI, et de Khalid Missaoui, son Vice-Pr\u00e9sident, la rencontre sera une occasion de profiter de l\u2019expertise de 6 autres intervenants : Abderahim Chakour, ing\u00e9nieur g\u00e9n\u00e9ral en charge de la Division D\u00e9veloppement Durable au Minist\u00e8re de l\u2019Industrie, du Commerce, de l\u2019Economie Verte et Num\u00e9rique, Mohamed Benyahya, Secr\u00e9taire G\u00e9n\u00e9ral \u00e0 l\u2019Environnement au Minist\u00e8re de l\u2019Energie des Mines, de l\u2019Eau et de l\u2019Environnement, Salmane Belyachi, Directeur G\u00e9n\u00e9ral du CRI Casablanca, Driss Zakarya, Professeur Universitaire et Expert International en Environnement, Mohamed Chaibi, Pr\u00e9sident de la Coalition pour la Valorisation des D\u00e9chets, et Hakim Marrakchi, Directeur G\u00e9n\u00e9ral de Maghreb Industries.<\/p>\n","protected":false},"excerpt":{"rendered":"<p>\u00a9annca &#8211; Pixabay Sous le th\u00e8me \u00ab Projet de loi sur l\u2019\u00e9valuation environnementale : vers un outil performant de d\u00e9veloppement durable \u00bb, le Groupement Interprofessionnel de Pr\u00e9vention et de S\u00e9curit\u00e9 Industrielle (GIPSI) organise, le 15 juillet \u00e0 17h, un webinaire \u00e0 l\u2019occasion de la journ\u00e9e mondiale de l\u2019environnement. Le webinaire sera consacr\u00e9 au nouveau projet &hellip;<\/p>\n","protected":false},"author":1,"featured_media":2552,"comment_status":"open","ping_status":"closed","sticky":false,"template":"","format":"standard","meta":{"footnotes":""},"categories":[6,2],"tags":[],"class_list":["post-2564","post","type-post","status-publish","format-standard","has-post-thumbnail","","category-a-la-une","category-actus-maroc"],"aioseo_notices":[],"_links":{"self":[{"href":"https:\/\/www.foodmagazine.ma\/index.php?rest_route=\/wp\/v2\/posts\/2564","targetHints":{"allow":["GET"]}}],"collection":[{"href":"https:\/\/www.foodmagazine.ma\/index.php?rest_route=\/wp\/v2\/posts"}],"about":[{"href":"https:\/\/www.foodmagazine.ma\/index.php?rest_route=\/wp\/v2\/types\/post"}],"author":[{"embeddable":true,"href":"https:\/\/www.foodmagazine.ma\/index.php?rest_route=\/wp\/v2\/users\/1"}],"replies":[{"embeddable":true,"href":"https:\/\/www.foodmagazine.ma\/index.php?rest_route=%2Fwp%2Fv2%2Fcomments&post=2564"}],"version-history":[{"count":1,"href":"https:\/\/www.foodmagazine.ma\/index.php?rest_route=\/wp\/v2\/posts\/2564\/revisions"}],"predecessor-version":[{"id":2565,"href":"https:\/\/www.foodmagazine.ma\/index.php?rest_route=\/wp\/v2\/posts\/2564\/revisions\/2565"}],"wp:featuredmedia":[{"embeddable":true,"href":"https:\/\/www.foodmagazine.ma\/index.php?rest_route=\/wp\/v2\/media\/2552"}],"wp:attachment":[{"href":"https:\/\/www.foodmagazine.ma\/index.php?rest_route=%2Fwp%2Fv2%2Fmedia&parent=2564"}],"wp:term":[{"taxonomy":"category","embeddable":true,"href":"https:\/\/www.foodmagazine.ma\/index.php?rest_route=%2Fwp%2Fv2%2Fcategories&post=2564"},{"taxonomy":"post_tag","embeddable":true,"href":"https:\/\/www.foodmagazine.ma\/index.php?rest_route=%2Fwp%2Fv2%2Ftags&post=2564"}],"curies":[{"name":"wp","href":"https:\/\/api.w.org\/{rel}","templated":true}]}}