{"id":2572,"date":"2020-07-17T11:23:25","date_gmt":"2020-07-17T10:23:25","guid":{"rendered":"http:\/\/www.foodmagazine.ma\/?p=2572"},"modified":"2020-07-17T11:23:28","modified_gmt":"2020-07-17T10:23:28","slug":"perspectives-economiques-en-afrique-du-nord-2020-une-crise-inedite-et-une-reprise-au-conditionnel","status":"publish","type":"post","link":"https:\/\/www.foodmagazine.ma\/?p=2572","title":{"rendered":"Perspectives \u00e9conomiques en Afrique du Nord 2020 : une crise in\u00e9dite et une reprise au conditionnel"},"content":{"rendered":"\n<figure class=\"wp-block-image size-large\"><img loading=\"lazy\" decoding=\"async\" width=\"1000\" height=\"406\" src=\"https:\/\/www.foodmagazine.ma\/wp-content\/uploads\/2020\/07\/african-development-bank-1.jpg\" alt=\"\" class=\"wp-image-2573\" srcset=\"https:\/\/www.foodmagazine.ma\/wp-content\/uploads\/2020\/07\/african-development-bank-1.jpg 1000w, https:\/\/www.foodmagazine.ma\/wp-content\/uploads\/2020\/07\/african-development-bank-1-300x122.jpg 300w, https:\/\/www.foodmagazine.ma\/wp-content\/uploads\/2020\/07\/african-development-bank-1-768x312.jpg 768w\" sizes=\"auto, (max-width: 1000px) 100vw, 1000px\" \/><\/figure>\n\n\n\n<p>Selon l\u2019\u00e9dition 2020 des Perspectives \u00e9conomiques en Afrique du Nord, publi\u00e9e, le 14 juillet, par la Banque africaine de d\u00e9veloppement, l\u2019Afrique du Nord \u00e9tait, en 2019, pour la seconde ann\u00e9e cons\u00e9cutive, la 2\u00e8me r\u00e9gion la plus performante d\u2019Afrique, avec une croissance de 3,7%. La croissance \u00e9tait estim\u00e9e \u00e0 2,5% au Maroc, l\u00e9g\u00e8rement en baisse par rapport \u00e0 2018. En Alg\u00e9rie et en Tunisie, la croissance \u00e9tait atone, respectivement \u00e0 0,7% et 1%, tandis que la Mauritanie et l\u2019Egypte menaient le bal avec 6,7% et 5,6%.<\/p>\n\n\n\n<p>D\u2019apr\u00e8s le rapport, les secteurs des services, du tourisme et de l\u2019industrie ont \u00e9t\u00e9 fortement touch\u00e9s par les nombreuses mesures de restriction. Le d\u00e9ficit budg\u00e9taire pourrait atteindre en moyenne 10,9 % du PIB r\u00e9gional en 2020. S\u2019agissant des comptes courants, le sc\u00e9nario pessimiste laisse entrevoir un d\u00e9ficit de 11,4% du PIB en 2020 pour les pays nord-africains.<\/p>\n\n\n\n<p>Par ailleurs, le rapport souligne que la croissance n\u2019a pas \u00e9t\u00e9 inclusive en Afrique du Nord. Les disparit\u00e9s sociales et r\u00e9gionales se sont aggrav\u00e9es en raison des r\u00e9percussions socio-\u00e9conomiques de la pand\u00e9mie. Ainsi, le document recommande d\u2019engager des r\u00e9formes structurelles, qui renforcent l\u2019efficience du secteur public et la comp\u00e9titivit\u00e9 du secteur priv\u00e9, dans le but de cr\u00e9er davantage d\u2019emplois. Dans cette optique, le rapport appelle les pays nord-africains \u00e0 maintenir l\u2019effort budg\u00e9taire pour pr\u00e9server les m\u00e9nages et les entreprises affect\u00e9s. Le d\u00e9veloppement de l\u2019agro-industrie est \u00e9galement pr\u00e9conis\u00e9 pour promouvoir les cha\u00eenes de valeur agricoles locales. Les pays devraient enfin chercher \u00e0 renforcer leur int\u00e9gration et ouverture commerciales, dans le cadre de la Zone de libre-\u00e9change continentale africaine (ZLECAF).<\/p>\n\n\n\n<p>C\u00f4t\u00e9 capital humain, l\u2019adaptation des comp\u00e9tences aux nouveaux m\u00e9tiers induits par la quatri\u00e8me r\u00e9volution industrielle n\u00e9cessitera de coordonner les r\u00e9formes des syst\u00e8mes d\u2019\u00e9ducation et de formation, note le rapport. Pour les travailleurs en activit\u00e9, les pays devraient mettre en place davantage de m\u00e9canismes efficients pour la promotion de la formation en cours d\u2019emploi. Afin de promouvoir l\u2019investissement priv\u00e9 dans certains secteurs strat\u00e9giques, les gouvernements de la r\u00e9gion pourraient envisager de fournir des subventions subordonn\u00e9es \u00e0 la cr\u00e9ation d\u2019emplois en faveur des jeunes et des femmes. Le d\u00e9veloppement du secteur manufacturier est, quant \u00e0 lui, v\u00e9ritablement d\u00e9terminant pour la croissance \u00e9conomique car il fournit des emplois productifs et bien r\u00e9mun\u00e9r\u00e9s \u00e0 un grand nombre de travailleurs.<\/p>\n","protected":false},"excerpt":{"rendered":"<p>Selon l\u2019\u00e9dition 2020 des Perspectives \u00e9conomiques en Afrique du Nord, publi\u00e9e, le 14 juillet, par la Banque africaine de d\u00e9veloppement, l\u2019Afrique du Nord \u00e9tait, en 2019, pour la seconde ann\u00e9e cons\u00e9cutive, la 2\u00e8me r\u00e9gion la plus performante d\u2019Afrique, avec une croissance de 3,7%. La croissance \u00e9tait estim\u00e9e \u00e0 2,5% au Maroc, l\u00e9g\u00e8rement en baisse par &hellip;<\/p>\n","protected":false},"author":1,"featured_media":2573,"comment_status":"open","ping_status":"closed","sticky":false,"template":"","format":"standard","meta":{"footnotes":""},"categories":[6,3],"tags":[],"class_list":["post-2572","post","type-post","status-publish","format-standard","has-post-thumbnail","","category-a-la-une","category-actus-monde"],"aioseo_notices":[],"_links":{"self":[{"href":"https:\/\/www.foodmagazine.ma\/index.php?rest_route=\/wp\/v2\/posts\/2572","targetHints":{"allow":["GET"]}}],"collection":[{"href":"https:\/\/www.foodmagazine.ma\/index.php?rest_route=\/wp\/v2\/posts"}],"about":[{"href":"https:\/\/www.foodmagazine.ma\/index.php?rest_route=\/wp\/v2\/types\/post"}],"author":[{"embeddable":true,"href":"https:\/\/www.foodmagazine.ma\/index.php?rest_route=\/wp\/v2\/users\/1"}],"replies":[{"embeddable":true,"href":"https:\/\/www.foodmagazine.ma\/index.php?rest_route=%2Fwp%2Fv2%2Fcomments&post=2572"}],"version-history":[{"count":1,"href":"https:\/\/www.foodmagazine.ma\/index.php?rest_route=\/wp\/v2\/posts\/2572\/revisions"}],"predecessor-version":[{"id":2574,"href":"https:\/\/www.foodmagazine.ma\/index.php?rest_route=\/wp\/v2\/posts\/2572\/revisions\/2574"}],"wp:featuredmedia":[{"embeddable":true,"href":"https:\/\/www.foodmagazine.ma\/index.php?rest_route=\/wp\/v2\/media\/2573"}],"wp:attachment":[{"href":"https:\/\/www.foodmagazine.ma\/index.php?rest_route=%2Fwp%2Fv2%2Fmedia&parent=2572"}],"wp:term":[{"taxonomy":"category","embeddable":true,"href":"https:\/\/www.foodmagazine.ma\/index.php?rest_route=%2Fwp%2Fv2%2Fcategories&post=2572"},{"taxonomy":"post_tag","embeddable":true,"href":"https:\/\/www.foodmagazine.ma\/index.php?rest_route=%2Fwp%2Fv2%2Ftags&post=2572"}],"curies":[{"name":"wp","href":"https:\/\/api.w.org\/{rel}","templated":true}]}}