{"id":2586,"date":"2020-07-17T11:51:07","date_gmt":"2020-07-17T10:51:07","guid":{"rendered":"http:\/\/www.foodmagazine.ma\/?p=2586"},"modified":"2020-07-17T11:51:09","modified_gmt":"2020-07-17T10:51:09","slug":"projet-de-loi-sur-levaluation-environnementale-un-levier-pour-un-developpement-industriel-durable","status":"publish","type":"post","link":"https:\/\/www.foodmagazine.ma\/?p=2586","title":{"rendered":"Projet de loi sur l\u2019\u00e9valuation environnementale : un levier pour un d\u00e9veloppement industriel durable"},"content":{"rendered":"\n<figure class=\"wp-block-image size-large\"><img loading=\"lazy\" decoding=\"async\" width=\"900\" height=\"516\" src=\"https:\/\/www.foodmagazine.ma\/wp-content\/uploads\/2020\/07\/GIPSI-webinaire.jpg\" alt=\"\" class=\"wp-image-2587\" srcset=\"https:\/\/www.foodmagazine.ma\/wp-content\/uploads\/2020\/07\/GIPSI-webinaire.jpg 900w, https:\/\/www.foodmagazine.ma\/wp-content\/uploads\/2020\/07\/GIPSI-webinaire-300x172.jpg 300w, https:\/\/www.foodmagazine.ma\/wp-content\/uploads\/2020\/07\/GIPSI-webinaire-768x440.jpg 768w\" sizes=\"auto, (max-width: 900px) 100vw, 900px\" \/><\/figure>\n\n\n\n<p>Le nouveau projet de loi N\u00b049.17, relatif \u00e0 l\u2019\u00e9valuation environnementale, constitue un outil structurant au service du d\u00e9veloppement durable. Telle \u00e9tait la conviction des intervenants du webinaire organis\u00e9 le 15 juillet par le Groupement Interprofessionnel de Pr\u00e9vention et de S\u00e9curit\u00e9 Industrielle (GIPSI). Sous le th\u00e8me \u00ab Projet de loi sur l\u2019\u00e9valuation environnementale : vers un outil performant de d\u00e9veloppement durable \u00bb, cette rencontre a \u00e9voqu\u00e9 les objectifs de ce projet, en termes d\u2019encouragement et d\u2019incitation \u00e0 la participation active des entreprises et associations dans le processus d\u2019\u00e9laboration et de mise en \u0153uvre des politiques et strat\u00e9gies portant sur la protection de l\u2019environnement et du d\u00e9veloppement durable.<\/p>\n\n\n\n<p>Selon Mohammed Fikrat, Pr\u00e9sident du GIPSI, \u00ab <em>ce projet de loi a pour ambition de mettre en place des outils d\u2019\u00e9valuation et d<\/em><em>\u2019<\/em><em>appr<\/em><em>\u00e9ciation r\u00e9guli<\/em><em>\u00e8<\/em><em>res pour les activit\u00e9s susceptibles de porter atteinte \u00e0 l<\/em><em>\u2019<\/em><em>environnement, et de mettre en \u0153uvre des mesures concr<\/em><em>\u00e8<\/em><em>tes pour att\u00e9nuer, voire supprimer les impacts sur celui-ci.<\/em> \u00bb Les intervenants ont soulign\u00e9 l\u2019importance de contribuer \u00e0 faire de ce projet de loi un vrai outil de d\u00e9veloppement durable dans le cadre d\u2019un partenariat constructif public-priv\u00e9 (gagnant-gagnant) \u00e0 travers la mise en place d\u2019un climat de confiance mutuelle.<\/p>\n\n\n\n<p>Hakim Marrakchi, Directeur G\u00e9n\u00e9ral de Maghreb Industries, et Mohamed Chaibi, Pr\u00e9sident de la Coalition pour la Valorisation des D\u00e9chets, se sont accord\u00e9s \u00e0 affirmer que les normes auxquels les industriels doivent \u00eatre confront\u00e9s doivent avoir une traduction claire, contradictoire et mesurable. Quant \u00e0 ce projet de loi, si d\u2019aucuns se disent pr\u00eats \u00e0 y adh\u00e9rer, on aura relev\u00e9, tout au long des interventions, des remarques et points \u00e0 corriger.<\/p>\n\n\n\n<p>Pour sa part, Mohamed Benyahia, Secr\u00e9taire g\u00e9n\u00e9ral de l\u2019Environnement au Minist\u00e8re de l\u2019\u00c9nergie, des mines et de l\u2019environnement, a mis l\u2019accent sur la prise en compte, en amont, des questions d\u2019environnement dans la d\u00e9finition et la mise en \u0153uvre des projets. Dans le m\u00eame sens, Rabi Roh-Essalam, du Centre r\u00e9gional d\u2019investissement (CRI) de Casablanca, a not\u00e9 que ce projet est un outil strat\u00e9gique \u00e0 double dimension (investissement &#8211; environnement) permettant de pr\u00e9venir la d\u00e9gradation de l\u2019environnement li\u00e9e aux projets d\u2019investissement.<\/p>\n\n\n\n<p>Pour sa part, Catherine Edet, Conseill\u00e8re principale en environnement et social \u00e0 la Banque Europ\u00e9enne pour la Restructuration et le D\u00e9veloppement (BERD), a soulign\u00e9 que la BERD s\u2019engage \u00e0 financer les projets socialement et \u00e9cologiquement durables, respectant les droits des travailleurs et des communaut\u00e9s concern\u00e9es et con\u00e7us et g\u00e9r\u00e9s conform\u00e9ment aux exigences r\u00e9glementaires en vigueur et aux bonnes pratiques internationales.<\/p>\n\n\n\n<p>Finalement, Khalid Missaoui, Vice-pr\u00e9sident du GPSI, a conclu : \u00ab <em>la r\u00e9glementation pour r\u00e9guler et mettre des garde-fous est n\u00e9cessaire pour prot\u00e9ger l<\/em><em>\u2019<\/em><em>environnement, mais il faudrait que l<\/em><em>\u2019<\/em><em>application soit en phase avec l<\/em><em>\u2019<\/em><em>esprit des textes et faire de telle sorte qu<\/em><em>\u2019<\/em><em>elle soit fluide, innovante et juste pour l<\/em><em>\u2019<\/em><em>entreprise et les pouvoirs publics. L<\/em><em>\u2019<\/em><em>objectif est de faire de ce projet de loi un v\u00e9ritable levier pour le d\u00e9veloppement durable dans un cadre bien pr\u00e9cis qui est un cadre r\u00e9gi par la confiance mutuelle de tous les acteurs. Il y a certes quelques d\u00e9riv\u00e9<\/em><em>s qu<\/em><em>\u2019<\/em><em>il va falloir corriger, et mettre \u00e0 niveau avec la mentalit\u00e9 du pays.<\/em> \u00bb<\/p>\n","protected":false},"excerpt":{"rendered":"<p>Le nouveau projet de loi N\u00b049.17, relatif \u00e0 l\u2019\u00e9valuation environnementale, constitue un outil structurant au service du d\u00e9veloppement durable. Telle \u00e9tait la conviction des intervenants du webinaire organis\u00e9 le 15 juillet par le Groupement Interprofessionnel de Pr\u00e9vention et de S\u00e9curit\u00e9 Industrielle (GIPSI). Sous le th\u00e8me \u00ab Projet de loi sur l\u2019\u00e9valuation environnementale : vers un &hellip;<\/p>\n","protected":false},"author":1,"featured_media":2587,"comment_status":"open","ping_status":"closed","sticky":false,"template":"","format":"standard","meta":{"footnotes":""},"categories":[6,2],"tags":[],"class_list":["post-2586","post","type-post","status-publish","format-standard","has-post-thumbnail","","category-a-la-une","category-actus-maroc"],"aioseo_notices":[],"_links":{"self":[{"href":"https:\/\/www.foodmagazine.ma\/index.php?rest_route=\/wp\/v2\/posts\/2586","targetHints":{"allow":["GET"]}}],"collection":[{"href":"https:\/\/www.foodmagazine.ma\/index.php?rest_route=\/wp\/v2\/posts"}],"about":[{"href":"https:\/\/www.foodmagazine.ma\/index.php?rest_route=\/wp\/v2\/types\/post"}],"author":[{"embeddable":true,"href":"https:\/\/www.foodmagazine.ma\/index.php?rest_route=\/wp\/v2\/users\/1"}],"replies":[{"embeddable":true,"href":"https:\/\/www.foodmagazine.ma\/index.php?rest_route=%2Fwp%2Fv2%2Fcomments&post=2586"}],"version-history":[{"count":1,"href":"https:\/\/www.foodmagazine.ma\/index.php?rest_route=\/wp\/v2\/posts\/2586\/revisions"}],"predecessor-version":[{"id":2588,"href":"https:\/\/www.foodmagazine.ma\/index.php?rest_route=\/wp\/v2\/posts\/2586\/revisions\/2588"}],"wp:featuredmedia":[{"embeddable":true,"href":"https:\/\/www.foodmagazine.ma\/index.php?rest_route=\/wp\/v2\/media\/2587"}],"wp:attachment":[{"href":"https:\/\/www.foodmagazine.ma\/index.php?rest_route=%2Fwp%2Fv2%2Fmedia&parent=2586"}],"wp:term":[{"taxonomy":"category","embeddable":true,"href":"https:\/\/www.foodmagazine.ma\/index.php?rest_route=%2Fwp%2Fv2%2Fcategories&post=2586"},{"taxonomy":"post_tag","embeddable":true,"href":"https:\/\/www.foodmagazine.ma\/index.php?rest_route=%2Fwp%2Fv2%2Ftags&post=2586"}],"curies":[{"name":"wp","href":"https:\/\/api.w.org\/{rel}","templated":true}]}}