{"id":2595,"date":"2020-07-17T12:01:33","date_gmt":"2020-07-17T11:01:33","guid":{"rendered":"http:\/\/www.foodmagazine.ma\/?p=2595"},"modified":"2020-07-17T12:01:36","modified_gmt":"2020-07-17T11:01:36","slug":"163-mdh-de-lafd-pour-la-creation-dun-pole-agritech-dans-la-region-fes-meknes","status":"publish","type":"post","link":"https:\/\/www.foodmagazine.ma\/?p=2595","title":{"rendered":"16,3 MDH de l\u2019AFD pour la cr\u00e9ation d&#8217;un p\u00f4le Agritech dans la r\u00e9gion F\u00e8s-Mekn\u00e8s"},"content":{"rendered":"\n<figure class=\"wp-block-image size-large\"><img loading=\"lazy\" decoding=\"async\" width=\"1000\" height=\"473\" src=\"https:\/\/www.foodmagazine.ma\/wp-content\/uploads\/2020\/07\/PHOTO-5.jpg\" alt=\"\" class=\"wp-image-2596\" srcset=\"https:\/\/www.foodmagazine.ma\/wp-content\/uploads\/2020\/07\/PHOTO-5.jpg 1000w, https:\/\/www.foodmagazine.ma\/wp-content\/uploads\/2020\/07\/PHOTO-5-300x142.jpg 300w, https:\/\/www.foodmagazine.ma\/wp-content\/uploads\/2020\/07\/PHOTO-5-768x363.jpg 768w\" sizes=\"auto, (max-width: 1000px) 100vw, 1000px\" \/><\/figure>\n\n\n\n<p>L\u2019Agence Fran\u00e7aise de D\u00e9veloppement (AFD) et l\u2019Universit\u00e9 Euromed de F\u00e8s (UEMF), ont sign\u00e9 hier 16 juillet, une convention de financement pour la conception et la mise en place d\u2019un p\u00f4le Agritech dans la r\u00e9gion F\u00e8s-Mekn\u00e8s. Il s\u2019agit d\u2019un projet in\u00e9dit au Maroc consistant en la structuration d\u2019un p\u00f4le r\u00e9gional d\u2019innovation et d\u2019entrepreneuriat dans le secteur de l\u2019agriculture et de l\u2019agro-industrie.<\/p>\n\n\n\n<p>\u00c0 cet effet, l\u2019AFD met \u00e0 disposition de l\u2019UEMF une subvention d\u2019un montant de 16,3 millions de dirhams (1,5 million d\u2019euros). Cet accord s\u2019inscrit dans le cadre du projet Tamkin Li Tanmia, visant \u00e0 favoriser les acteurs locaux pour un d\u00e9veloppement durable et inclusif, d\u00e9clin\u00e9 dans deux territoires : la province de Rhamna et la r\u00e9gion de F\u00e8s-Mekn\u00e8s.&nbsp;<\/p>\n\n\n\n<p>Plusieurs actions de renforcement de capacit\u00e9s, \u00e0 travers l\u2019appui aux entrepreneurs, la promotion de la recherche et d\u00e9veloppement et l\u2019adaptation du tissu agricole local aux normes internationales, seront financ\u00e9es par cette assistance technique. L\u2019ambition de la r\u00e9gion de F\u00e8s-Mekn\u00e8s est de voir \u00e9merger un cluster agro-industriel port\u00e9 par l\u2019entreprenariat et la digitalisation des \u00e9conomies.<\/p>\n\n\n\n<p>\u00ab <em>La r\u00e9gion de F<\/em><em>\u00e8<\/em><em>s-Mekn<\/em><em>\u00e8<\/em><em>s illustre le dynamisme de la coop\u00e9ration entre le Maroc et la France, et je me r\u00e9jouis de ce nouveau partenariat qui permettra de partager nos exp\u00e9riences et nos expertises en mati<\/em><em>\u00e8<\/em><em>re d<\/em><em>\u2019<\/em><em>innovation dans le secteur de l<\/em><em>\u2019<\/em><em>Agritech<\/em> \u00bb rel\u00e8ve H\u00e9l\u00e8ne Le Gal, Ambassadrice de France au Maroc.<\/p>\n\n\n\n<p>De son c\u00f4t\u00e9, Mihoub Mezouaghi, Directeur de l\u2019AFD au Maroc, souligne : \u00ab <em>ce projet fait le pari de la fertilisation crois\u00e9e entre l<\/em><em>\u2019<\/em><em>Universit\u00e9, la recherche et l<\/em><em>\u2019<\/em><em>industrie pour faire de l<\/em><em>\u2019<\/em><em>innovation et de l<\/em><em>\u2019<\/em><em>entrepreneuriat un facteur de la comp\u00e9<\/em><em>titivit<\/em><em>\u00e9 et de l<\/em><em>\u2019<\/em><em>attractivit<\/em><em>\u00e9 de la r\u00e9gion de F\u00e8<\/em><em>s-Mekn<\/em><em>\u00e8<\/em><em>s.<\/em> \u00bb<\/p>\n","protected":false},"excerpt":{"rendered":"<p>L\u2019Agence Fran\u00e7aise de D\u00e9veloppement (AFD) et l\u2019Universit\u00e9 Euromed de F\u00e8s (UEMF), ont sign\u00e9 hier 16 juillet, une convention de financement pour la conception et la mise en place d\u2019un p\u00f4le Agritech dans la r\u00e9gion F\u00e8s-Mekn\u00e8s. Il s\u2019agit d\u2019un projet in\u00e9dit au Maroc consistant en la structuration d\u2019un p\u00f4le r\u00e9gional d\u2019innovation et d\u2019entrepreneuriat dans le secteur &hellip;<\/p>\n","protected":false},"author":1,"featured_media":2596,"comment_status":"open","ping_status":"closed","sticky":false,"template":"","format":"standard","meta":{"footnotes":""},"categories":[6,2],"tags":[],"class_list":["post-2595","post","type-post","status-publish","format-standard","has-post-thumbnail","","category-a-la-une","category-actus-maroc"],"aioseo_notices":[],"_links":{"self":[{"href":"https:\/\/www.foodmagazine.ma\/index.php?rest_route=\/wp\/v2\/posts\/2595","targetHints":{"allow":["GET"]}}],"collection":[{"href":"https:\/\/www.foodmagazine.ma\/index.php?rest_route=\/wp\/v2\/posts"}],"about":[{"href":"https:\/\/www.foodmagazine.ma\/index.php?rest_route=\/wp\/v2\/types\/post"}],"author":[{"embeddable":true,"href":"https:\/\/www.foodmagazine.ma\/index.php?rest_route=\/wp\/v2\/users\/1"}],"replies":[{"embeddable":true,"href":"https:\/\/www.foodmagazine.ma\/index.php?rest_route=%2Fwp%2Fv2%2Fcomments&post=2595"}],"version-history":[{"count":1,"href":"https:\/\/www.foodmagazine.ma\/index.php?rest_route=\/wp\/v2\/posts\/2595\/revisions"}],"predecessor-version":[{"id":2597,"href":"https:\/\/www.foodmagazine.ma\/index.php?rest_route=\/wp\/v2\/posts\/2595\/revisions\/2597"}],"wp:featuredmedia":[{"embeddable":true,"href":"https:\/\/www.foodmagazine.ma\/index.php?rest_route=\/wp\/v2\/media\/2596"}],"wp:attachment":[{"href":"https:\/\/www.foodmagazine.ma\/index.php?rest_route=%2Fwp%2Fv2%2Fmedia&parent=2595"}],"wp:term":[{"taxonomy":"category","embeddable":true,"href":"https:\/\/www.foodmagazine.ma\/index.php?rest_route=%2Fwp%2Fv2%2Fcategories&post=2595"},{"taxonomy":"post_tag","embeddable":true,"href":"https:\/\/www.foodmagazine.ma\/index.php?rest_route=%2Fwp%2Fv2%2Ftags&post=2595"}],"curies":[{"name":"wp","href":"https:\/\/api.w.org\/{rel}","templated":true}]}}