{"id":2626,"date":"2020-07-21T14:27:57","date_gmt":"2020-07-21T13:27:57","guid":{"rendered":"http:\/\/www.foodmagazine.ma\/?p=2626"},"modified":"2020-07-21T14:28:00","modified_gmt":"2020-07-21T13:28:00","slug":"annulation-du-sial-paris-2020","status":"publish","type":"post","link":"https:\/\/www.foodmagazine.ma\/?p=2626","title":{"rendered":"Annulation du SIAL Paris 2020 !"},"content":{"rendered":"\n<figure class=\"wp-block-image size-large\"><img loading=\"lazy\" decoding=\"async\" width=\"1000\" height=\"464\" src=\"https:\/\/www.foodmagazine.ma\/wp-content\/uploads\/2020\/07\/SIAL.jpg\" alt=\"\" class=\"wp-image-2627\" srcset=\"https:\/\/www.foodmagazine.ma\/wp-content\/uploads\/2020\/07\/SIAL.jpg 1000w, https:\/\/www.foodmagazine.ma\/wp-content\/uploads\/2020\/07\/SIAL-300x139.jpg 300w, https:\/\/www.foodmagazine.ma\/wp-content\/uploads\/2020\/07\/SIAL-768x356.jpg 768w\" sizes=\"auto, (max-width: 1000px) 100vw, 1000px\" \/><\/figure>\n\n\n\n<p>C\u2019est un coup de tonnerre pour l\u2019\u00e9v\u00e9nementiel agroalimentaire : le Groupe Comexposium, soci\u00e9t\u00e9 organisatrice du Salon International de l\u2019Alimentation, annonce le report de l\u2019\u00e9dition SIAL Paris 2020, initialement pr\u00e9vue cet automne, du 15 au 19 octobre 2022.<\/p>\n\n\n\n<p>Une difficile d\u00e9cision qui intervient malgr\u00e9 la multiplication des initiatives des organisateurs afin de permettre la tenue d\u2019un tel \u00e9v\u00e8nement international en cette p\u00e9riode de pand\u00e9mie : charte sanitaire stricte, renforcement des moyens de transport, hybridation de l\u2019\u00e9v\u00e9nement avec un SIAL digital, etc. Cependant apr\u00e8s une consultation men\u00e9e aupr\u00e8s des exposants et des visiteurs, et dans un contexte sanitaire international incertain, les r\u00e9sultats de cette enqu\u00eate ont fortement \u00e9volu\u00e9 au cours des derniers jours, exprimant finalement une large volont\u00e9 du report de l\u2019\u00e9v\u00e9nement.<\/p>\n\n\n\n<p>Nicolas Trentesaux, Directeur G\u00e9n\u00e9ral SIAL Global Network explique que \u00ab <em>SIAL Paris souhaite rester fid<\/em><em>\u00e8<\/em><em>le \u00e0 sa mission avec une ferme intention de garder le contact et d<\/em><em>\u2019<\/em><em>accompagner la reprise et la transformation des acteurs du secteur agroalimentaire \u00e0 l\u2019\u00e9<\/em><em>chelle mondiale.<\/em> \u00bb Pour garantir aux professionnels de l\u2019agroalimentaire une exp\u00e9rience \u00e0 la hauteur de leurs attentes, SIAL Paris est donc report\u00e9 en 2022 du 15 au 19 octobre.<\/p>\n\n\n\n<p>Malgr\u00e9 tout, SIAL Paris garde la parole en 2020 et proposera de nouveaux rendez-vous d\u00e8s octobre, autour des enjeux mondiaux, des tendances et des innovations qui fa\u00e7onnent l\u2019industrie agroalimentaire de demain. Avec notamment de grandes \u00e9tudes exclusives et sans \u00e9quivalents sur l\u2019alimentation mondiale, men\u00e9es par des experts partenaires du SIAL : Kantar, Prot\u00e9inesXTC et Gira. SIAL Paris offrira ainsi une analyse pointue des grandes tendances et leurs mani\u00e8res d\u2019\u00e9voluer au fil du temps, bas\u00e9e sur le triptyque : Attente consommateurs, Innovation produits et Comportement en restauration hors domicile.<\/p>\n\n\n\n<p>\u00ab <em>Par ailleurs, nous continuerons \u00e0 faire grandir notre r\u00e9seau mondial afin d<\/em><em>\u2019<\/em><em>offrir des plateformes de croissance r\u00e9gionales avec de grands rendez-vous annuels en Chine, au Canada, en Indon\u00e9sie, en Inde ou aux Emirats Arabes Unis <\/em>\u00bb, ajoute Nicolas Trentesaux. Et fort du soutien de l\u2019ensemble de ses exposants et visiteurs, SIAL Paris compte utiliser ces deux prochaines ann\u00e9es pour pr\u00e9parer une \u00e9dition 2022 encore plus inspirante et efficace !<\/p>\n","protected":false},"excerpt":{"rendered":"<p>C\u2019est un coup de tonnerre pour l\u2019\u00e9v\u00e9nementiel agroalimentaire : le Groupe Comexposium, soci\u00e9t\u00e9 organisatrice du Salon International de l\u2019Alimentation, annonce le report de l\u2019\u00e9dition SIAL Paris 2020, initialement pr\u00e9vue cet automne, du 15 au 19 octobre 2022. Une difficile d\u00e9cision qui intervient malgr\u00e9 la multiplication des initiatives des organisateurs afin de permettre la tenue d\u2019un &hellip;<\/p>\n","protected":false},"author":1,"featured_media":2627,"comment_status":"open","ping_status":"closed","sticky":false,"template":"","format":"standard","meta":{"footnotes":""},"categories":[6,3],"tags":[],"class_list":["post-2626","post","type-post","status-publish","format-standard","has-post-thumbnail","","category-a-la-une","category-actus-monde"],"aioseo_notices":[],"_links":{"self":[{"href":"https:\/\/www.foodmagazine.ma\/index.php?rest_route=\/wp\/v2\/posts\/2626","targetHints":{"allow":["GET"]}}],"collection":[{"href":"https:\/\/www.foodmagazine.ma\/index.php?rest_route=\/wp\/v2\/posts"}],"about":[{"href":"https:\/\/www.foodmagazine.ma\/index.php?rest_route=\/wp\/v2\/types\/post"}],"author":[{"embeddable":true,"href":"https:\/\/www.foodmagazine.ma\/index.php?rest_route=\/wp\/v2\/users\/1"}],"replies":[{"embeddable":true,"href":"https:\/\/www.foodmagazine.ma\/index.php?rest_route=%2Fwp%2Fv2%2Fcomments&post=2626"}],"version-history":[{"count":1,"href":"https:\/\/www.foodmagazine.ma\/index.php?rest_route=\/wp\/v2\/posts\/2626\/revisions"}],"predecessor-version":[{"id":2628,"href":"https:\/\/www.foodmagazine.ma\/index.php?rest_route=\/wp\/v2\/posts\/2626\/revisions\/2628"}],"wp:featuredmedia":[{"embeddable":true,"href":"https:\/\/www.foodmagazine.ma\/index.php?rest_route=\/wp\/v2\/media\/2627"}],"wp:attachment":[{"href":"https:\/\/www.foodmagazine.ma\/index.php?rest_route=%2Fwp%2Fv2%2Fmedia&parent=2626"}],"wp:term":[{"taxonomy":"category","embeddable":true,"href":"https:\/\/www.foodmagazine.ma\/index.php?rest_route=%2Fwp%2Fv2%2Fcategories&post=2626"},{"taxonomy":"post_tag","embeddable":true,"href":"https:\/\/www.foodmagazine.ma\/index.php?rest_route=%2Fwp%2Fv2%2Ftags&post=2626"}],"curies":[{"name":"wp","href":"https:\/\/api.w.org\/{rel}","templated":true}]}}