{"id":2629,"date":"2020-07-21T14:31:58","date_gmt":"2020-07-21T13:31:58","guid":{"rendered":"http:\/\/www.foodmagazine.ma\/?p=2629"},"modified":"2020-07-21T14:32:01","modified_gmt":"2020-07-21T13:32:01","slug":"cfcim-une-rencontre-sur-la-relance-de-lactivite-economique-et-4-ateliers-thematiques","status":"publish","type":"post","link":"https:\/\/www.foodmagazine.ma\/?p=2629","title":{"rendered":"CFCIM : une rencontre sur la relance de l\u2019activit\u00e9 \u00e9conomique et 4 ateliers th\u00e9matiques"},"content":{"rendered":"\n<figure class=\"wp-block-image size-large\"><img loading=\"lazy\" decoding=\"async\" width=\"1000\" height=\"563\" src=\"https:\/\/www.foodmagazine.ma\/wp-content\/uploads\/2020\/07\/Diapositive4.jpg\" alt=\"\" class=\"wp-image-2630\" srcset=\"https:\/\/www.foodmagazine.ma\/wp-content\/uploads\/2020\/07\/Diapositive4.jpg 1000w, https:\/\/www.foodmagazine.ma\/wp-content\/uploads\/2020\/07\/Diapositive4-300x169.jpg 300w, https:\/\/www.foodmagazine.ma\/wp-content\/uploads\/2020\/07\/Diapositive4-768x432.jpg 768w\" sizes=\"auto, (max-width: 1000px) 100vw, 1000px\" \/><figcaption><em>Intervention de Moulay Hafid Elalamy, Ministre de l\u2019Industrie, du Commerce et de l\u2019\u00c9conomie Verte et Num\u00e9rique.<\/em><\/figcaption><\/figure>\n\n\n\n<p>Le 17 juillet, l\u2019Ambassade de France au Maroc a organis\u00e9, en partenariat avec la Chambre Fran\u00e7aise de Commerce et d\u2019Industrie du Maroc (CFCIM), une rencontre sur la relance de l\u2019activit\u00e9 \u00e9conomique. \u00c0 travers des conf\u00e9rences et ateliers th\u00e9matiques anim\u00e9s par des experts, la rencontre a analys\u00e9 l\u2019impact et les enjeux de la crise sanitaire li\u00e9e au Covid-19 sur les diff\u00e9rents secteurs afin de proposer des solutions concr\u00e8tes pour assurer la relance \u00e9conomique du Royaume. L\u2019\u00e9v\u00e9nement, qui s\u2019est tenu en comit\u00e9 restreint dans les locaux de la CFCIM \u00e0 Casablanca, a \u00e9t\u00e9 retransmis en ligne sous forme de visioconf\u00e9rence accessible \u00e0 l\u2019ensemble de ses entreprises adh\u00e9rentes. Plusieurs secteurs porteurs ont \u00e9t\u00e9 identifi\u00e9s et ont fait l\u2019objet de 4 ateliers th\u00e9matiques : pharmacie et hygi\u00e8ne, agroalimentaire, digital et cybers\u00e9curit\u00e9, et textile.<\/p>\n\n\n\n<p>Fi\u00e8re du niveau de comp\u00e9tences et d\u2019innovation de son pays, Moulay Hafid Elalamy, Ministre de l\u2019Industrie, du Commerce et de l\u2019\u00c9conomie Verte et Num\u00e9rique, a r\u00e9pondu pr\u00e9sent \u00e0 cette rencontre pour rappeler l\u2019importance de la pand\u00e9mie actuelle et la force du tissu \u00e9conomique marocain. \u00ab <em>Je crois sinc\u00e8rement que nous devons redoubler la vigilance, et \u00eatre encore plus attentifs afin de traverser cette pand\u00e9mie<\/em> \u00bb, d\u00e9clare-t-il. Dans le m\u00eame contexte, Jean-Pascal Darriet, Pr\u00e9sident de la CFCIM, pense que les grands \u00e9cosyst\u00e8mes marocains qui participent de fa\u00e7on exemplaire au d\u00e9veloppement \u00e9conomique du Maroc, porteront sans doute une partie de la relance \u00e9conomique.<\/p>\n\n\n\n<figure class=\"wp-block-image size-large\"><img loading=\"lazy\" decoding=\"async\" width=\"1000\" height=\"563\" src=\"https:\/\/www.foodmagazine.ma\/wp-content\/uploads\/2020\/07\/Diapositive6.jpg\" alt=\"\" class=\"wp-image-2631\" srcset=\"https:\/\/www.foodmagazine.ma\/wp-content\/uploads\/2020\/07\/Diapositive6.jpg 1000w, https:\/\/www.foodmagazine.ma\/wp-content\/uploads\/2020\/07\/Diapositive6-300x169.jpg 300w, https:\/\/www.foodmagazine.ma\/wp-content\/uploads\/2020\/07\/Diapositive6-768x432.jpg 768w\" sizes=\"auto, (max-width: 1000px) 100vw, 1000px\" \/><figcaption><em>Atelier sur l\u2019agroalimentaire avec, de g. \u00e0 dr. : \u00a0Yann Lebeau, Jean-Marie Coquant, Fr\u00e9d\u00e9ric Failleres et Abdelmounim El Eulj.<\/em><\/figcaption><\/figure>\n\n\n\n<p>Lors de l\u2019atelier portant sur le secteur agroalimentaire, 4 intervenants ont discut\u00e9 l\u2019\u00e9tat du secteur au sein de la crise actuelle. Il s\u2019agit de Yann Lebeau, Chef de Mission Maghreb-Afrique \u00e0 France Export C\u00e9r\u00e9ales, Abdelmounim El Eulj, Pr\u00e9sident de la FENAGRI, Fr\u00e9d\u00e9ric Failleres, Directeur G\u00e9n\u00e9ral de Ma\u00efssadour Maroc, et Jean-Marie Coquant, Directeur G\u00e9n\u00e9ral de Labomag. L\u2019atelier a mis en lumi\u00e8re la dynamique du secteur agroalimentaire marocain et a rappel\u00e9 l\u2019importance de l\u2019agriculture dans l\u2019\u00e9conomie marocaine, en plus du r\u00f4le du Plan Maroc Vert dans le d\u00e9veloppement des exportations.<\/p>\n\n\n\n<p>D\u2019un c\u00f4t\u00e9, M. Lebeau a discut\u00e9 les difficult\u00e9s de la campagne c\u00e9r\u00e9ali\u00e8re pr\u00e9c\u00e9dente. En mati\u00e8re d\u2019exportations, il a insist\u00e9 sur l\u2019efficacit\u00e9 des autorit\u00e9s poti\u00e8res, de la douane et des contr\u00f4les phytosanitaires dans le cadre de la crise sanitaire. De son c\u00f4t\u00e9, M. El Eulj a \u00e9voqu\u00e9 la probl\u00e9matique de la s\u00e9cheresse au pays. Par ailleurs, M. Failleres a rappel\u00e9 les directives de la ligne de financement support\u00e9e par l\u2019Ambassade de France, permettant d\u2019acheter de la technologie fran\u00e7aise avec un financement \u00e0 2% sur la totalit\u00e9 du cr\u00e9dit avec une contre garantie forte. Enfin, M. Coquant a mis en avant la n\u00e9cessit\u00e9 de transformer et valoriser les produits alimentaires pour profiter des \u00e9ventuelles opportunit\u00e9s du march\u00e9. \u00ab <em>Il s<\/em><em>\u2019<\/em><em>agit maintenant de transformer ces produits pour avoir plus de valeur ajout\u00e9e<\/em> \u00bb, indique-t-il.<\/p>\n","protected":false},"excerpt":{"rendered":"<p>Intervention de Moulay Hafid Elalamy, Ministre de l\u2019Industrie, du Commerce et de l\u2019\u00c9conomie Verte et Num\u00e9rique. Le 17 juillet, l\u2019Ambassade de France au Maroc a organis\u00e9, en partenariat avec la Chambre Fran\u00e7aise de Commerce et d\u2019Industrie du Maroc (CFCIM), une rencontre sur la relance de l\u2019activit\u00e9 \u00e9conomique. \u00c0 travers des conf\u00e9rences et ateliers th\u00e9matiques anim\u00e9s &hellip;<\/p>\n","protected":false},"author":1,"featured_media":2630,"comment_status":"open","ping_status":"closed","sticky":false,"template":"","format":"standard","meta":{"footnotes":""},"categories":[6,2],"tags":[],"class_list":["post-2629","post","type-post","status-publish","format-standard","has-post-thumbnail","","category-a-la-une","category-actus-maroc"],"aioseo_notices":[],"_links":{"self":[{"href":"https:\/\/www.foodmagazine.ma\/index.php?rest_route=\/wp\/v2\/posts\/2629","targetHints":{"allow":["GET"]}}],"collection":[{"href":"https:\/\/www.foodmagazine.ma\/index.php?rest_route=\/wp\/v2\/posts"}],"about":[{"href":"https:\/\/www.foodmagazine.ma\/index.php?rest_route=\/wp\/v2\/types\/post"}],"author":[{"embeddable":true,"href":"https:\/\/www.foodmagazine.ma\/index.php?rest_route=\/wp\/v2\/users\/1"}],"replies":[{"embeddable":true,"href":"https:\/\/www.foodmagazine.ma\/index.php?rest_route=%2Fwp%2Fv2%2Fcomments&post=2629"}],"version-history":[{"count":1,"href":"https:\/\/www.foodmagazine.ma\/index.php?rest_route=\/wp\/v2\/posts\/2629\/revisions"}],"predecessor-version":[{"id":2632,"href":"https:\/\/www.foodmagazine.ma\/index.php?rest_route=\/wp\/v2\/posts\/2629\/revisions\/2632"}],"wp:featuredmedia":[{"embeddable":true,"href":"https:\/\/www.foodmagazine.ma\/index.php?rest_route=\/wp\/v2\/media\/2630"}],"wp:attachment":[{"href":"https:\/\/www.foodmagazine.ma\/index.php?rest_route=%2Fwp%2Fv2%2Fmedia&parent=2629"}],"wp:term":[{"taxonomy":"category","embeddable":true,"href":"https:\/\/www.foodmagazine.ma\/index.php?rest_route=%2Fwp%2Fv2%2Fcategories&post=2629"},{"taxonomy":"post_tag","embeddable":true,"href":"https:\/\/www.foodmagazine.ma\/index.php?rest_route=%2Fwp%2Fv2%2Ftags&post=2629"}],"curies":[{"name":"wp","href":"https:\/\/api.w.org\/{rel}","templated":true}]}}