{"id":2652,"date":"2020-07-24T12:12:43","date_gmt":"2020-07-24T11:12:43","guid":{"rendered":"http:\/\/www.foodmagazine.ma\/?p=2652"},"modified":"2020-07-24T12:27:42","modified_gmt":"2020-07-24T11:27:42","slug":"christophe-de-figueiredo-nouveau-president-de-la-ccsm","status":"publish","type":"post","link":"https:\/\/www.foodmagazine.ma\/?p=2652","title":{"rendered":"Christophe de Figueiredo, nouveau pr\u00e9sident de la CCSM"},"content":{"rendered":"\n<figure class=\"wp-block-image size-large\"><img loading=\"lazy\" decoding=\"async\" width=\"1000\" height=\"722\" src=\"https:\/\/www.foodmagazine.ma\/wp-content\/uploads\/2020\/07\/CdF-Formal.jpg\" alt=\"\" class=\"wp-image-2665\" srcset=\"https:\/\/www.foodmagazine.ma\/wp-content\/uploads\/2020\/07\/CdF-Formal.jpg 1000w, https:\/\/www.foodmagazine.ma\/wp-content\/uploads\/2020\/07\/CdF-Formal-300x217.jpg 300w, https:\/\/www.foodmagazine.ma\/wp-content\/uploads\/2020\/07\/CdF-Formal-768x554.jpg 768w\" sizes=\"auto, (max-width: 1000px) 100vw, 1000px\" \/><\/figure>\n\n\n\n<p>Le 22 juillet 2020 \u00e0 Casablanca, la Chambre de Commerce Suisse au Maroc (CCSM) a d\u00e9sign\u00e9 son nouveau pr\u00e9sident par int\u00e9rim jusqu\u2019\u00e0 juin 2022 : Christophe de Figueiredo, membre du conseil d\u2019administration et jusqu\u2019alors Vice-Pr\u00e9sident de la Chambre.<\/p>\n\n\n\n<p>Actuel Directeur G\u00e9n\u00e9ral de Swissport Maroc, Christophe de Figueiredo s\u2019est dit \u00ab <em>tr<\/em><em>\u00e8<\/em><em>s heureux de servir la communaut\u00e9 suisse au Maroc, avec ind\u00e9pendance et dynamisme, en proche collaboration avec notre Ambassade.<\/em> \u00bb<\/p>\n\n\n\n<p>Christophe de Figueiredo succ\u00e8de \u00e0 Sami Zerelli, figure embl\u00e9matique de la CCSM, qui l\u2019avait dirig\u00e9 de 2007 \u00e0 2016 puis de 2018 \u00e0 aujourd\u2019hui, et qui a d\u00e9cid\u00e9 de se consacrer \u00e0 d\u2019autres projets. \u00ab <em>Je c<\/em><em>\u00e8<\/em><em>de la pr\u00e9sidence de la Chambre de Commerce Suisse car de nouveaux projets personnels ne me permettront pas de continuer \u00e0 assurer ce r\u00f4le avec les m\u00eames engagement et disponibilit\u00e9 <\/em><em>qu<\/em><em>\u2019<\/em><em>auparavant. Le contexte de crise du Covid et la longue p\u00e9riode de confinement m<\/em><em>\u2019<\/em><em>ont amen\u00e9 \u00e0 identifier de nouvelles opportunit\u00e9s d<\/em><em>\u2019<\/em><em>affaires, qui vont me mobiliser les ann\u00e9es \u00e0 venir. Cette crise constitue un changement de contexte qui n\u00e9cessite une adaptation de taille, et peut cr\u00e9er de nouvelles opportunit\u00e9s, \u00e0 saisir absolument !<\/em>\u00bb, d\u00e9clare Sami Zerelli, qui est d\u00e9sormais Pr\u00e9sident d\u2019honneur de la CCSM.<\/p>\n\n\n\n<p>Durant les deux derni\u00e8res ann\u00e9es de son mandat, Sami Zerelli et toute l\u2019\u00e9quipe de la CCSM ont fait de la satisfaction des membres de la Chambre, une priorit\u00e9. \u00c0 l\u2019\u00e9coute de leurs attentes et de leurs besoins, la Chambre a organis\u00e9 des tables rondes et plus r\u00e9cemment des Webinar r\u00e9pondant \u00e0 leurs probl\u00e9matiques.<\/p>\n\n\n\n<p>Par ailleurs, durant cette p\u00e9riode, il avait \u00e9t\u00e9 d\u00e9cid\u00e9 de capitaliser sur les poumons d\u2019attractivit\u00e9 du Maroc et de la Suisse pour g\u00e9n\u00e9rer des synergies. L\u2019accent avait particuli\u00e8rement \u00e9t\u00e9 mis sur les PME suisses innovantes, qui peuvent apporter leurs expertises aux entreprises marocaines. En parall\u00e8le, les actions avec les acteurs publics suisses et marocains ont \u00e9t\u00e9 intensifi\u00e9es afin que les entreprises suisses, membres de la Chambre, puissent accompagner les grands projets nationaux. La participation de la Suisse en 2019 au SIAM en tant qu\u2019invit\u00e9 d\u2019honneur a constitu\u00e9 une tr\u00e8s belle concr\u00e9tisation des relations bilat\u00e9rales avec \u00e0 la cl\u00e9 11 conventions sign\u00e9es entre les deux pays.<\/p>\n","protected":false},"excerpt":{"rendered":"<p>Le 22 juillet 2020 \u00e0 Casablanca, la Chambre de Commerce Suisse au Maroc (CCSM) a d\u00e9sign\u00e9 son nouveau pr\u00e9sident par int\u00e9rim jusqu\u2019\u00e0 juin 2022 : Christophe de Figueiredo, membre du conseil d\u2019administration et jusqu\u2019alors Vice-Pr\u00e9sident de la Chambre. Actuel Directeur G\u00e9n\u00e9ral de Swissport Maroc, Christophe de Figueiredo s\u2019est dit \u00ab tr\u00e8s heureux de servir la &hellip;<\/p>\n","protected":false},"author":1,"featured_media":2665,"comment_status":"open","ping_status":"closed","sticky":false,"template":"","format":"standard","meta":{"footnotes":""},"categories":[6,2],"tags":[],"class_list":["post-2652","post","type-post","status-publish","format-standard","has-post-thumbnail","","category-a-la-une","category-actus-maroc"],"aioseo_notices":[],"_links":{"self":[{"href":"https:\/\/www.foodmagazine.ma\/index.php?rest_route=\/wp\/v2\/posts\/2652","targetHints":{"allow":["GET"]}}],"collection":[{"href":"https:\/\/www.foodmagazine.ma\/index.php?rest_route=\/wp\/v2\/posts"}],"about":[{"href":"https:\/\/www.foodmagazine.ma\/index.php?rest_route=\/wp\/v2\/types\/post"}],"author":[{"embeddable":true,"href":"https:\/\/www.foodmagazine.ma\/index.php?rest_route=\/wp\/v2\/users\/1"}],"replies":[{"embeddable":true,"href":"https:\/\/www.foodmagazine.ma\/index.php?rest_route=%2Fwp%2Fv2%2Fcomments&post=2652"}],"version-history":[{"count":2,"href":"https:\/\/www.foodmagazine.ma\/index.php?rest_route=\/wp\/v2\/posts\/2652\/revisions"}],"predecessor-version":[{"id":2666,"href":"https:\/\/www.foodmagazine.ma\/index.php?rest_route=\/wp\/v2\/posts\/2652\/revisions\/2666"}],"wp:featuredmedia":[{"embeddable":true,"href":"https:\/\/www.foodmagazine.ma\/index.php?rest_route=\/wp\/v2\/media\/2665"}],"wp:attachment":[{"href":"https:\/\/www.foodmagazine.ma\/index.php?rest_route=%2Fwp%2Fv2%2Fmedia&parent=2652"}],"wp:term":[{"taxonomy":"category","embeddable":true,"href":"https:\/\/www.foodmagazine.ma\/index.php?rest_route=%2Fwp%2Fv2%2Fcategories&post=2652"},{"taxonomy":"post_tag","embeddable":true,"href":"https:\/\/www.foodmagazine.ma\/index.php?rest_route=%2Fwp%2Fv2%2Ftags&post=2652"}],"curies":[{"name":"wp","href":"https:\/\/api.w.org\/{rel}","templated":true}]}}