{"id":2658,"date":"2020-07-24T12:23:20","date_gmt":"2020-07-24T11:23:20","guid":{"rendered":"http:\/\/www.foodmagazine.ma\/?p=2658"},"modified":"2020-07-24T12:23:24","modified_gmt":"2020-07-24T11:23:24","slug":"preparatifs-de-laid-al-adha-guide-pratique-pour-le-respect-des-mesures-sanitaires-preventives","status":"publish","type":"post","link":"https:\/\/www.foodmagazine.ma\/?p=2658","title":{"rendered":"Pr\u00e9paratifs de l&#8217;Aid al Adha : guide pratique pour le respect des mesures sanitaires pr\u00e9ventives"},"content":{"rendered":"\n<figure class=\"wp-block-image size-large\"><img loading=\"lazy\" decoding=\"async\" width=\"1000\" height=\"639\" src=\"https:\/\/www.foodmagazine.ma\/wp-content\/uploads\/2020\/07\/Guide-AID-ADHA-vf-1.jpg\" alt=\"\" class=\"wp-image-2659\" srcset=\"https:\/\/www.foodmagazine.ma\/wp-content\/uploads\/2020\/07\/Guide-AID-ADHA-vf-1.jpg 1000w, https:\/\/www.foodmagazine.ma\/wp-content\/uploads\/2020\/07\/Guide-AID-ADHA-vf-1-300x192.jpg 300w, https:\/\/www.foodmagazine.ma\/wp-content\/uploads\/2020\/07\/Guide-AID-ADHA-vf-1-768x491.jpg 768w\" sizes=\"auto, (max-width: 1000px) 100vw, 1000px\" \/><\/figure>\n\n\n\n<p>Dans le cadre des pr\u00e9paratifs de l&#8217;Aid al Adha 1441, le Minist\u00e8re de l&#8217;Int\u00e9rieur et le Minist\u00e8re de l&#8217;Agriculture, de la P\u00eache Maritime, du D\u00e9veloppement Rural et des Eaux et For\u00eats ont \u00e9dit\u00e9 conjointement le \u00ab Guide pratique pour le respect des mesures sanitaires pr\u00e9ventives dans l\u2019organisation de l\u2019Aid al Adha \u00bb. Ce guide d\u00e9finit l\u2019organisation, la gestion et le fonctionnement des souks et des espaces de commercialisation des animaux ovins et caprins destin\u00e9s \u00e0 l\u2019abattage de l\u2019Aid al Adha pour tous les acteurs concern\u00e9s (visiteurs, \u00e9leveurs, acheteurs, transporteurs, etc.) avec l\u2019observation stricte des mesures sanitaires pr\u00e9ventives des risques de contamination du Covid-19, ainsi que la gestion des activit\u00e9s li\u00e9es \u00e0 cette occasion avant et pendant l\u2019Aid. Il constitue \u00e9galement une base pour mettre en place toute la logistique et les moyens humains n\u00e9cessaires pour garantir la bonne application des mesures sanitaires arr\u00eat\u00e9es par les autorit\u00e9s pour pr\u00e9venir les risques de contamination li\u00e9s au Covid-19.<\/p>\n\n\n\n<p>Pour la gestion et le fonctionnement des souks ou espaces am\u00e9nag\u00e9s, le document \u00e9voque la supervision et le contr\u00f4le de ces espaces par des commissions locales, les mesures sanitaires et pr\u00e9ventives \u00e0 respecter par les communes ou les gestionnaires des souks et des aires am\u00e9nag\u00e9es, ainsi que leurs horaires d\u2019ouverture et de fermeture.<\/p>\n\n\n\n<p>En plus des mesures compl\u00e9mentaires sp\u00e9cifiques aux souks communaux existants, le Guide sp\u00e9cifie d\u2019autres mesures compl\u00e9mentaires sp\u00e9cifiques aux souks temporaires additionnels pour l\u2019Aid Al Adha, en termes de conception des souks, leurs lieux et l\u2019acc\u00e8s des animaux et des visiteurs. \u00c9galement, un certain nombre de dispositions a \u00e9t\u00e9 d\u00e9termin\u00e9, le jour de l\u2019Aid, pour les abatteurs et les citoyens. Enfin, le document indique les dispositions pour les m\u00e9tiers conjoncturels autour de l\u2019\u00e9v\u00e8nement, en rappelant que toutes les personnes souhaitant exercer des m\u00e9tiers occasionnels, li\u00e9s \u00e0 l\u2019\u00e9v\u00e8nement de l\u2019Aid et aux pr\u00e9paratifs associ\u00e9s, doivent \u00eatre autoris\u00e9es par les communes.<\/p>\n\n\n\n<div class=\"wp-block-buttons is-layout-flex wp-block-buttons-is-layout-flex\">\n<div class=\"wp-block-button\"><a class=\"wp-block-button__link\" href=\"https:\/\/www.foodmagazine.ma\/wp-content\/uploads\/2020\/07\/Guide-AID-ADHA-vf.pdf\" target=\"_blank\" rel=\"noreferrer noopener\">T\u00e9l\u00e9chargez ce guide<\/a><\/div>\n<\/div>\n","protected":false},"excerpt":{"rendered":"<p>Dans le cadre des pr\u00e9paratifs de l&#8217;Aid al Adha 1441, le Minist\u00e8re de l&#8217;Int\u00e9rieur et le Minist\u00e8re de l&#8217;Agriculture, de la P\u00eache Maritime, du D\u00e9veloppement Rural et des Eaux et For\u00eats ont \u00e9dit\u00e9 conjointement le \u00ab Guide pratique pour le respect des mesures sanitaires pr\u00e9ventives dans l\u2019organisation de l\u2019Aid al Adha \u00bb. Ce guide d\u00e9finit &hellip;<\/p>\n","protected":false},"author":1,"featured_media":2659,"comment_status":"open","ping_status":"closed","sticky":false,"template":"","format":"standard","meta":{"footnotes":""},"categories":[6,2],"tags":[],"class_list":["post-2658","post","type-post","status-publish","format-standard","has-post-thumbnail","","category-a-la-une","category-actus-maroc"],"aioseo_notices":[],"_links":{"self":[{"href":"https:\/\/www.foodmagazine.ma\/index.php?rest_route=\/wp\/v2\/posts\/2658","targetHints":{"allow":["GET"]}}],"collection":[{"href":"https:\/\/www.foodmagazine.ma\/index.php?rest_route=\/wp\/v2\/posts"}],"about":[{"href":"https:\/\/www.foodmagazine.ma\/index.php?rest_route=\/wp\/v2\/types\/post"}],"author":[{"embeddable":true,"href":"https:\/\/www.foodmagazine.ma\/index.php?rest_route=\/wp\/v2\/users\/1"}],"replies":[{"embeddable":true,"href":"https:\/\/www.foodmagazine.ma\/index.php?rest_route=%2Fwp%2Fv2%2Fcomments&post=2658"}],"version-history":[{"count":1,"href":"https:\/\/www.foodmagazine.ma\/index.php?rest_route=\/wp\/v2\/posts\/2658\/revisions"}],"predecessor-version":[{"id":2662,"href":"https:\/\/www.foodmagazine.ma\/index.php?rest_route=\/wp\/v2\/posts\/2658\/revisions\/2662"}],"wp:featuredmedia":[{"embeddable":true,"href":"https:\/\/www.foodmagazine.ma\/index.php?rest_route=\/wp\/v2\/media\/2659"}],"wp:attachment":[{"href":"https:\/\/www.foodmagazine.ma\/index.php?rest_route=%2Fwp%2Fv2%2Fmedia&parent=2658"}],"wp:term":[{"taxonomy":"category","embeddable":true,"href":"https:\/\/www.foodmagazine.ma\/index.php?rest_route=%2Fwp%2Fv2%2Fcategories&post=2658"},{"taxonomy":"post_tag","embeddable":true,"href":"https:\/\/www.foodmagazine.ma\/index.php?rest_route=%2Fwp%2Fv2%2Ftags&post=2658"}],"curies":[{"name":"wp","href":"https:\/\/api.w.org\/{rel}","templated":true}]}}