{"id":2689,"date":"2020-07-28T14:06:19","date_gmt":"2020-07-28T13:06:19","guid":{"rendered":"http:\/\/www.foodmagazine.ma\/?p=2689"},"modified":"2020-07-28T14:06:21","modified_gmt":"2020-07-28T13:06:21","slug":"unites-industrielles-de-fruits-rouges-poursuivies-en-justice-la-comader-tire-la-sonnette-dalarme","status":"publish","type":"post","link":"https:\/\/www.foodmagazine.ma\/?p=2689","title":{"rendered":"Unit\u00e9s industrielles de fruits rouges poursuivies en justice : la COMADER tire la sonnette d\u2019alarme !"},"content":{"rendered":"\n<figure class=\"wp-block-image size-large\"><img loading=\"lazy\" decoding=\"async\" width=\"1000\" height=\"622\" src=\"https:\/\/www.foodmagazine.ma\/wp-content\/uploads\/2020\/07\/Image-par-succo-de-Pixabay.jpg\" alt=\"\" class=\"wp-image-2690\" srcset=\"https:\/\/www.foodmagazine.ma\/wp-content\/uploads\/2020\/07\/Image-par-succo-de-Pixabay.jpg 1000w, https:\/\/www.foodmagazine.ma\/wp-content\/uploads\/2020\/07\/Image-par-succo-de-Pixabay-300x187.jpg 300w, https:\/\/www.foodmagazine.ma\/wp-content\/uploads\/2020\/07\/Image-par-succo-de-Pixabay-768x478.jpg 768w\" sizes=\"auto, (max-width: 1000px) 100vw, 1000px\" \/><figcaption><em>\u00a9succo &#8211; Pixabay<\/em><\/figcaption><\/figure>\n\n\n\n<p>Voil\u00e0 une d\u00e9cision qui pourrait cr\u00e9er un dangereux pr\u00e9c\u00e9dent pour toutes les entreprises ayant continu\u00e9 \u00e0 travailler pendant la pand\u00e9mie de Covid-19\u2026 En effet, le Procureur du Roi du Tribunal de Premi\u00e8re Instance de Souk Arbaa a d\u00e9cid\u00e9 de poursuivre les dirigeants de trois unit\u00e9s industrielles de fruits rouges situ\u00e9es \u00e0 Lalla Mimouna pour \u00ab des soup\u00e7ons de violation des mesures sanitaires \u00bb. Pour la Conf\u00e9d\u00e9ration Marocaine de l\u2019Agriculture et du D\u00e9veloppement Rural (COMADER), cette d\u00e9cision \u00ab <em>interpelle les professionnels du secteur agricole en g\u00e9n\u00e9ral et du secteur des fruits rouges en particulier \u00e0 plus d\u2019un titre.<\/em> \u00bb<\/p>\n\n\n\n<p>La COMADER rappelle ainsi que les dirigeants des unit\u00e9s de production sont tous parfaitement conscients des risques li\u00e9es au Covid-19 et prennent toutes les dispositions pour maintenir leurs entreprises indemnes de toute propagation. Or, \u00ab <em>l<\/em><em>\u2019<\/em><em>exp<\/em><em>\u00e9rience que nous vivons actuellement, aussi bien \u00e0 l\u2019\u00e9chelle nationale qu<\/em><em>\u2019<\/em><em>au niveau international, montre que le risque z\u00e9<\/em><em>ro n<\/em><em>\u2019<\/em><em>existe pas et que des foyers de contamination peuvent toujours appara\u00eetre malgr\u00e9 toutes les mesures sanitaires prises<\/em> \u00bb, souligne la Conf\u00e9d\u00e9ration.<\/p>\n\n\n\n<p>La question se pose aussi de la responsabilit\u00e9 des dirigeants quant au comportement de leurs ouvriers en dehors des heures de travail. \u00ab <em>Par ailleurs, faut-il comprendre qu\u2019\u00e0 chaque fois qu<\/em><em>\u2019<\/em><em>un foyer Covid 19 sera d\u00e9<\/em><em>tect<\/em><em>\u00e9 <\/em><em>au sein d<\/em><em>\u2019<\/em><em>une entreprise, son dirigeant sera susceptible d\u2019\u00eatre traduit en justice ou bien s<\/em><em>\u2019<\/em><em>agit-il d<\/em><em>\u2019<\/em><em>une disposition r\u00e9serv\u00e9e au secteur des fruits rouges ?<\/em> \u00bb, s\u2019interroge la COMADER.<\/p>\n\n\n\n<p>Compte-tenu des mesures sanitaires entreprises, ainsi que des performances \u00e9conomiques de la fili\u00e8re, la COMADER demande \u00e0 surseoir \u00e0 ces proc\u00e9dures judiciaires et permettre, dans le strict respect des mesures sanitaires, aux professionnels d\u2019acc\u00e9der \u00e0 leurs fermes et \u00e0 leurs unit\u00e9s de production afin de pr\u00e9parer la campagne export 2021, qui accuse d\u00e9j\u00e0 un retard important, et ce au profit de leurs concurrents du pourtour m\u00e9diterran\u00e9en &#8211; qui eux aussi font face \u00e0 la propagation du virus mais qui b\u00e9n\u00e9ficient du soutien de leurs autorit\u00e9s. \u00ab <em>Tous nos espoirs reposent sur le principe que la raison l<\/em><em>\u2019<\/em><em>emporte sur l<\/em><em>\u2019<\/em><em>exc<\/em><em>\u00e8<\/em><em>s. Nos producteurs sont avant tout des investisseurs patriotes, pas des coupables <\/em>\u00bb, conclut le communiqu\u00e9.<\/p>\n","protected":false},"excerpt":{"rendered":"<p>\u00a9succo &#8211; Pixabay Voil\u00e0 une d\u00e9cision qui pourrait cr\u00e9er un dangereux pr\u00e9c\u00e9dent pour toutes les entreprises ayant continu\u00e9 \u00e0 travailler pendant la pand\u00e9mie de Covid-19\u2026 En effet, le Procureur du Roi du Tribunal de Premi\u00e8re Instance de Souk Arbaa a d\u00e9cid\u00e9 de poursuivre les dirigeants de trois unit\u00e9s industrielles de fruits rouges situ\u00e9es \u00e0 Lalla &hellip;<\/p>\n","protected":false},"author":1,"featured_media":2690,"comment_status":"open","ping_status":"closed","sticky":false,"template":"","format":"standard","meta":{"footnotes":""},"categories":[6,2],"tags":[],"class_list":["post-2689","post","type-post","status-publish","format-standard","has-post-thumbnail","","category-a-la-une","category-actus-maroc"],"aioseo_notices":[],"_links":{"self":[{"href":"https:\/\/www.foodmagazine.ma\/index.php?rest_route=\/wp\/v2\/posts\/2689","targetHints":{"allow":["GET"]}}],"collection":[{"href":"https:\/\/www.foodmagazine.ma\/index.php?rest_route=\/wp\/v2\/posts"}],"about":[{"href":"https:\/\/www.foodmagazine.ma\/index.php?rest_route=\/wp\/v2\/types\/post"}],"author":[{"embeddable":true,"href":"https:\/\/www.foodmagazine.ma\/index.php?rest_route=\/wp\/v2\/users\/1"}],"replies":[{"embeddable":true,"href":"https:\/\/www.foodmagazine.ma\/index.php?rest_route=%2Fwp%2Fv2%2Fcomments&post=2689"}],"version-history":[{"count":1,"href":"https:\/\/www.foodmagazine.ma\/index.php?rest_route=\/wp\/v2\/posts\/2689\/revisions"}],"predecessor-version":[{"id":2691,"href":"https:\/\/www.foodmagazine.ma\/index.php?rest_route=\/wp\/v2\/posts\/2689\/revisions\/2691"}],"wp:featuredmedia":[{"embeddable":true,"href":"https:\/\/www.foodmagazine.ma\/index.php?rest_route=\/wp\/v2\/media\/2690"}],"wp:attachment":[{"href":"https:\/\/www.foodmagazine.ma\/index.php?rest_route=%2Fwp%2Fv2%2Fmedia&parent=2689"}],"wp:term":[{"taxonomy":"category","embeddable":true,"href":"https:\/\/www.foodmagazine.ma\/index.php?rest_route=%2Fwp%2Fv2%2Fcategories&post=2689"},{"taxonomy":"post_tag","embeddable":true,"href":"https:\/\/www.foodmagazine.ma\/index.php?rest_route=%2Fwp%2Fv2%2Ftags&post=2689"}],"curies":[{"name":"wp","href":"https:\/\/api.w.org\/{rel}","templated":true}]}}