{"id":2692,"date":"2020-07-28T14:07:41","date_gmt":"2020-07-28T13:07:41","guid":{"rendered":"http:\/\/www.foodmagazine.ma\/?p=2692"},"modified":"2020-07-28T14:07:43","modified_gmt":"2020-07-28T13:07:43","slug":"cooperation-iav-hassan-ii-um6p-en-matiere-de-formation-et-de-recherche","status":"publish","type":"post","link":"https:\/\/www.foodmagazine.ma\/?p=2692","title":{"rendered":"Coop\u00e9ration IAV Hassan II &#8211; UM6P en mati\u00e8re de formation et de recherche"},"content":{"rendered":"\n<figure class=\"wp-block-image size-large\"><img loading=\"lazy\" decoding=\"async\" width=\"1000\" height=\"644\" src=\"https:\/\/www.foodmagazine.ma\/wp-content\/uploads\/2020\/07\/PHOTO-2020-07-17-23-08-55.jpg\" alt=\"\" class=\"wp-image-2693\" srcset=\"https:\/\/www.foodmagazine.ma\/wp-content\/uploads\/2020\/07\/PHOTO-2020-07-17-23-08-55.jpg 1000w, https:\/\/www.foodmagazine.ma\/wp-content\/uploads\/2020\/07\/PHOTO-2020-07-17-23-08-55-300x193.jpg 300w, https:\/\/www.foodmagazine.ma\/wp-content\/uploads\/2020\/07\/PHOTO-2020-07-17-23-08-55-768x495.jpg 768w\" sizes=\"auto, (max-width: 1000px) 100vw, 1000px\" \/><\/figure>\n\n\n\n<p>Dans le cadre de la coop\u00e9ration entre l&#8217;Institut Agronomique et V\u00e9t\u00e9rinaire Hassan II (IAV Hassan II) et l\u2019Universit\u00e9 Mohammed VI Polytechnique (UM6P), une r\u00e9union s\u2019est tenue le 17 juillet 2020 \u00e0 Bengu\u00e9rir, pr\u00e9sid\u00e9e par le Secr\u00e9taire G\u00e9n\u00e9ral de l\u2019UM6P et le Directeur de l\u2019IAV Hassan II, en pr\u00e9sence des collaborateurs des deux parties.<\/p>\n\n\n\n<p>Les \u00e9changes ont port\u00e9 sur les modalit\u00e9s de mise en \u0153uvre de la convention cadre de coop\u00e9ration sign\u00e9e en 2019 entre les deux parties ainsi que les diff\u00e9rentes opportunit\u00e9s de collaboration en mati\u00e8re de recherche et du d\u00e9veloppement.<\/p>\n\n\n\n<p>Les parties ont convenu de d\u00e9finir un programme d&#8217;activit\u00e9s de formation et de recherche entre l\u2019IAV Hassan II et l&#8217;Ecole des Sciences de l\u2019Agriculture, des Fertilisants et de l&#8217;Environnement (ESAFE) et les centres de recherche de l\u2019UM6P. Des visites de chercheurs seront programm\u00e9es entre les institutions \u00e0 partir de la rentr\u00e9e prochaine, afin d&#8217;identifier des axes scientifiques d&#8217;int\u00e9r\u00eat commun.<\/p>\n","protected":false},"excerpt":{"rendered":"<p>Dans le cadre de la coop\u00e9ration entre l&#8217;Institut Agronomique et V\u00e9t\u00e9rinaire Hassan II (IAV Hassan II) et l\u2019Universit\u00e9 Mohammed VI Polytechnique (UM6P), une r\u00e9union s\u2019est tenue le 17 juillet 2020 \u00e0 Bengu\u00e9rir, pr\u00e9sid\u00e9e par le Secr\u00e9taire G\u00e9n\u00e9ral de l\u2019UM6P et le Directeur de l\u2019IAV Hassan II, en pr\u00e9sence des collaborateurs des deux parties. Les \u00e9changes &hellip;<\/p>\n","protected":false},"author":1,"featured_media":2693,"comment_status":"open","ping_status":"closed","sticky":false,"template":"","format":"standard","meta":{"footnotes":""},"categories":[6,2],"tags":[],"class_list":["post-2692","post","type-post","status-publish","format-standard","has-post-thumbnail","","category-a-la-une","category-actus-maroc"],"aioseo_notices":[],"_links":{"self":[{"href":"https:\/\/www.foodmagazine.ma\/index.php?rest_route=\/wp\/v2\/posts\/2692","targetHints":{"allow":["GET"]}}],"collection":[{"href":"https:\/\/www.foodmagazine.ma\/index.php?rest_route=\/wp\/v2\/posts"}],"about":[{"href":"https:\/\/www.foodmagazine.ma\/index.php?rest_route=\/wp\/v2\/types\/post"}],"author":[{"embeddable":true,"href":"https:\/\/www.foodmagazine.ma\/index.php?rest_route=\/wp\/v2\/users\/1"}],"replies":[{"embeddable":true,"href":"https:\/\/www.foodmagazine.ma\/index.php?rest_route=%2Fwp%2Fv2%2Fcomments&post=2692"}],"version-history":[{"count":1,"href":"https:\/\/www.foodmagazine.ma\/index.php?rest_route=\/wp\/v2\/posts\/2692\/revisions"}],"predecessor-version":[{"id":2694,"href":"https:\/\/www.foodmagazine.ma\/index.php?rest_route=\/wp\/v2\/posts\/2692\/revisions\/2694"}],"wp:featuredmedia":[{"embeddable":true,"href":"https:\/\/www.foodmagazine.ma\/index.php?rest_route=\/wp\/v2\/media\/2693"}],"wp:attachment":[{"href":"https:\/\/www.foodmagazine.ma\/index.php?rest_route=%2Fwp%2Fv2%2Fmedia&parent=2692"}],"wp:term":[{"taxonomy":"category","embeddable":true,"href":"https:\/\/www.foodmagazine.ma\/index.php?rest_route=%2Fwp%2Fv2%2Fcategories&post=2692"},{"taxonomy":"post_tag","embeddable":true,"href":"https:\/\/www.foodmagazine.ma\/index.php?rest_route=%2Fwp%2Fv2%2Ftags&post=2692"}],"curies":[{"name":"wp","href":"https:\/\/api.w.org\/{rel}","templated":true}]}}