{"id":2704,"date":"2020-07-28T14:13:34","date_gmt":"2020-07-28T13:13:34","guid":{"rendered":"http:\/\/www.foodmagazine.ma\/?p=2704"},"modified":"2020-07-28T14:13:37","modified_gmt":"2020-07-28T13:13:37","slug":"programme-estival","status":"publish","type":"post","link":"https:\/\/www.foodmagazine.ma\/?p=2704","title":{"rendered":"Programme estival"},"content":{"rendered":"\n<figure class=\"wp-block-image size-large\"><img loading=\"lazy\" decoding=\"async\" width=\"1000\" height=\"650\" src=\"https:\/\/www.foodmagazine.ma\/wp-content\/uploads\/2020\/07\/FM132.jpg\" alt=\"\" class=\"wp-image-2705\" srcset=\"https:\/\/www.foodmagazine.ma\/wp-content\/uploads\/2020\/07\/FM132.jpg 1000w, https:\/\/www.foodmagazine.ma\/wp-content\/uploads\/2020\/07\/FM132-300x195.jpg 300w, https:\/\/www.foodmagazine.ma\/wp-content\/uploads\/2020\/07\/FM132-768x499.jpg 768w\" sizes=\"auto, (max-width: 1000px) 100vw, 1000px\" \/><\/figure>\n\n\n\n<p>Le num\u00e9ro 132 vient de para\u00eetre pour vous accompagner dans vos lectures estivales ! Au menu de cette \u00e9dition, un Focus sur les strat\u00e9gies digitales, dont la pertinence a \u00e9t\u00e9 amplifi\u00e9e par les ajustements n\u00e9cessaires durant le confinement. Vous pourrez \u00e9galement y d\u00e9couvrir notre classement annuel des \u00ab Champions de l\u2019Agro \u00bb, ainsi que l\u2019interview de la Co-fondatrice du cabinet de conseil Compliance Advisory Group et un reportage chez Marpex, en plus de vos actualit\u00e9s et rubriques habituelles.<\/p>\n\n\n\n<p>C\u2019est la p\u00e9riode des cong\u00e9s annuels pour FOOD Magazine, qui se met en veille du 30 juillet au 23 ao\u00fbt inclus. Les newsletters, quant \u00e0 elles, reprendront leur parution d\u00e8s la premi\u00e8re semaine de septembre.<\/p>\n\n\n\n<p>Toute l\u2019\u00e9quipe de FOOD Magazine vous souhaite donc de bonnes vacances et vous adresse ses meilleurs voeux \u00e0 l\u2019occasion d\u2019A\u00efd Al Adha. Nous saisissons enfin cette occasion pour renouveler \u00e0 tous les acteurs du secteur agroalimentaire nos f\u00e9licitations pour avoir su relever courageusement les d\u00e9fis li\u00e9s \u00e0 l\u2019\u00e9mergence de la pand\u00e9mie de Covid-19 !<\/p>\n","protected":false},"excerpt":{"rendered":"<p>Le num\u00e9ro 132 vient de para\u00eetre pour vous accompagner dans vos lectures estivales ! Au menu de cette \u00e9dition, un Focus sur les strat\u00e9gies digitales, dont la pertinence a \u00e9t\u00e9 amplifi\u00e9e par les ajustements n\u00e9cessaires durant le confinement. Vous pourrez \u00e9galement y d\u00e9couvrir notre classement annuel des \u00ab Champions de l\u2019Agro \u00bb, ainsi que l\u2019interview &hellip;<\/p>\n","protected":false},"author":1,"featured_media":2705,"comment_status":"open","ping_status":"closed","sticky":false,"template":"","format":"standard","meta":{"footnotes":""},"categories":[6,2],"tags":[],"class_list":["post-2704","post","type-post","status-publish","format-standard","has-post-thumbnail","","category-a-la-une","category-actus-maroc"],"aioseo_notices":[],"_links":{"self":[{"href":"https:\/\/www.foodmagazine.ma\/index.php?rest_route=\/wp\/v2\/posts\/2704","targetHints":{"allow":["GET"]}}],"collection":[{"href":"https:\/\/www.foodmagazine.ma\/index.php?rest_route=\/wp\/v2\/posts"}],"about":[{"href":"https:\/\/www.foodmagazine.ma\/index.php?rest_route=\/wp\/v2\/types\/post"}],"author":[{"embeddable":true,"href":"https:\/\/www.foodmagazine.ma\/index.php?rest_route=\/wp\/v2\/users\/1"}],"replies":[{"embeddable":true,"href":"https:\/\/www.foodmagazine.ma\/index.php?rest_route=%2Fwp%2Fv2%2Fcomments&post=2704"}],"version-history":[{"count":1,"href":"https:\/\/www.foodmagazine.ma\/index.php?rest_route=\/wp\/v2\/posts\/2704\/revisions"}],"predecessor-version":[{"id":2706,"href":"https:\/\/www.foodmagazine.ma\/index.php?rest_route=\/wp\/v2\/posts\/2704\/revisions\/2706"}],"wp:featuredmedia":[{"embeddable":true,"href":"https:\/\/www.foodmagazine.ma\/index.php?rest_route=\/wp\/v2\/media\/2705"}],"wp:attachment":[{"href":"https:\/\/www.foodmagazine.ma\/index.php?rest_route=%2Fwp%2Fv2%2Fmedia&parent=2704"}],"wp:term":[{"taxonomy":"category","embeddable":true,"href":"https:\/\/www.foodmagazine.ma\/index.php?rest_route=%2Fwp%2Fv2%2Fcategories&post=2704"},{"taxonomy":"post_tag","embeddable":true,"href":"https:\/\/www.foodmagazine.ma\/index.php?rest_route=%2Fwp%2Fv2%2Ftags&post=2704"}],"curies":[{"name":"wp","href":"https:\/\/api.w.org\/{rel}","templated":true}]}}