{"id":2736,"date":"2020-09-01T15:29:40","date_gmt":"2020-09-01T14:29:40","guid":{"rendered":"http:\/\/www.foodmagazine.ma\/?p=2736"},"modified":"2020-09-01T15:29:42","modified_gmt":"2020-09-01T14:29:42","slug":"the-foodeshow-top-depart-dans-une-semaine","status":"publish","type":"post","link":"https:\/\/www.foodmagazine.ma\/?p=2736","title":{"rendered":"The FoodEshow : top d\u00e9part dans une semaine !"},"content":{"rendered":"\n<figure class=\"wp-block-image size-large\"><img loading=\"lazy\" decoding=\"async\" width=\"1000\" height=\"667\" src=\"https:\/\/www.foodmagazine.ma\/wp-content\/uploads\/2020\/09\/smartmockups_ke3eipso.jpg\" alt=\"\" class=\"wp-image-2721\" srcset=\"https:\/\/www.foodmagazine.ma\/wp-content\/uploads\/2020\/09\/smartmockups_ke3eipso.jpg 1000w, https:\/\/www.foodmagazine.ma\/wp-content\/uploads\/2020\/09\/smartmockups_ke3eipso-300x200.jpg 300w, https:\/\/www.foodmagazine.ma\/wp-content\/uploads\/2020\/09\/smartmockups_ke3eipso-768x512.jpg 768w\" sizes=\"auto, (max-width: 1000px) 100vw, 1000px\" \/><\/figure>\n\n\n\n<p>Les 8 et 9 septembre prochains, The FoodEshow, salon en ligne d\u00e9di\u00e9 \u00e0 l\u2019industrie agroalimentaire, tiendra sa premi\u00e8re \u00e9dition. Con\u00e7u comme un hub d\u2019innovation, The FoodEshow (<a href=\"http:\/\/www.thefoodeshow.com\" target=\"_blank\" rel=\"noreferrer noopener\">www.thefoodeshow.com<\/a>) r\u00e9unira tous les maillons de l\u2019industrie agroalimentaire. Des industriels, exportateurs, acheteurs et prestataires de service de l\u2019\u00e9cosyst\u00e8me agro-industriel, repr\u00e9sentants 75 pays d\u2019Am\u00e9rique, d\u2019Afrique, d\u2019Asie, d\u2019Europe et d\u2019Oc\u00e9anie, sont ainsi attendus \u00e0 l\u2019\u00e9v\u00e9nement . Le Maroc pr\u00e9sentera pour sa part le potentiel de la r\u00e9gion Souss Massa au niveau de 12 stands, sous l\u2019\u00e9gide du Centre R\u00e9gional de l\u2019Investissement de Agadir. Le challenge \u00e9tant de booster les exportations des TPE r\u00e9gionales.<\/p>\n\n\n\n<p>Heuda Guessous, co-Fondatrice de l\u2019\u00e9v\u00e9nement, explique que \u00ab <em>The FoodEshow est une exp\u00e9rience unique autour de l<\/em><em>\u2019<\/em><em>innovation et du Future Forward. Partant de l\u00e0 <\/em><em>et r<\/em><em>\u00e9pondant aux besoins des exposants, nous avons tenu \u00e0 mobiliser des entreprises innovantes et gros acheteurs avec pour seule volont\u00e9 de cr\u00e9er de la valeur pour tous les participants en engageant notre communaut\u00e9.<\/em> \u00bb<\/p>\n\n\n\n<p>En tablant sur leur expertise dans la mise en relation et leur savoir dans l\u2019agroalimentaire, les organisateurs du salon ont con\u00e7u The FoodEshow comme un espace digital de networking permettant aux participants d&#8217;acc\u00e9der \u00e0 la derni\u00e8re technologie sur la transformation alimentaire, la conservation, l\u2019emballage, l\u2019intelligence artificielle\u2026 tout en s&#8217;ouvrant sur d&#8217;autres march\u00e9s et expertises et ainsi d\u00e9velopper leurs affaires. Pendant 4 mois, ils pourront, dans le cadre de cette plate forme digitale, nouer des contacts et d\u00e9velopper des partenariats tout en r\u00e9alisant de grandes \u00e9conomies sur les co\u00fbts logistiques, administratifs et de d\u00e9placement.<br>Les organisateurs ont par ailleurs mobilis\u00e9 20 gros acheteurs (VIB : Very Important Buyers) s\u00e9lectionn\u00e9s sur la base de leur pr\u00e9disposition \u00e0 engager des partenariats de grande envergure. Ils ont \u00e9galement mis en place la plateforme <a href=\"http:\/\/thefoodtradehub.com\" target=\"_blank\" rel=\"noreferrer noopener\">thefoodtradehub.com<\/a>, support de The Foodeshow, qui se pr\u00e9sente comme une mine d\u2019informations pour toute personne pr\u00e9voyant de se lancer dans l&#8217;import et l\u2019export : base de donn\u00e9es des acteurs du secteur, documentation pour comprendre la r\u00e9glementation de chaque pays, techniques de vente et de marketing internationales, etc.<\/p>\n","protected":false},"excerpt":{"rendered":"<p>Les 8 et 9 septembre prochains, The FoodEshow, salon en ligne d\u00e9di\u00e9 \u00e0 l\u2019industrie agroalimentaire, tiendra sa premi\u00e8re \u00e9dition. Con\u00e7u comme un hub d\u2019innovation, The FoodEshow (www.thefoodeshow.com) r\u00e9unira tous les maillons de l\u2019industrie agroalimentaire. Des industriels, exportateurs, acheteurs et prestataires de service de l\u2019\u00e9cosyst\u00e8me agro-industriel, repr\u00e9sentants 75 pays d\u2019Am\u00e9rique, d\u2019Afrique, d\u2019Asie, d\u2019Europe et d\u2019Oc\u00e9anie, sont &hellip;<\/p>\n","protected":false},"author":1,"featured_media":2721,"comment_status":"open","ping_status":"closed","sticky":false,"template":"","format":"standard","meta":{"footnotes":""},"categories":[6,2],"tags":[],"class_list":["post-2736","post","type-post","status-publish","format-standard","has-post-thumbnail","","category-a-la-une","category-actus-maroc"],"aioseo_notices":[],"_links":{"self":[{"href":"https:\/\/www.foodmagazine.ma\/index.php?rest_route=\/wp\/v2\/posts\/2736","targetHints":{"allow":["GET"]}}],"collection":[{"href":"https:\/\/www.foodmagazine.ma\/index.php?rest_route=\/wp\/v2\/posts"}],"about":[{"href":"https:\/\/www.foodmagazine.ma\/index.php?rest_route=\/wp\/v2\/types\/post"}],"author":[{"embeddable":true,"href":"https:\/\/www.foodmagazine.ma\/index.php?rest_route=\/wp\/v2\/users\/1"}],"replies":[{"embeddable":true,"href":"https:\/\/www.foodmagazine.ma\/index.php?rest_route=%2Fwp%2Fv2%2Fcomments&post=2736"}],"version-history":[{"count":1,"href":"https:\/\/www.foodmagazine.ma\/index.php?rest_route=\/wp\/v2\/posts\/2736\/revisions"}],"predecessor-version":[{"id":2737,"href":"https:\/\/www.foodmagazine.ma\/index.php?rest_route=\/wp\/v2\/posts\/2736\/revisions\/2737"}],"wp:featuredmedia":[{"embeddable":true,"href":"https:\/\/www.foodmagazine.ma\/index.php?rest_route=\/wp\/v2\/media\/2721"}],"wp:attachment":[{"href":"https:\/\/www.foodmagazine.ma\/index.php?rest_route=%2Fwp%2Fv2%2Fmedia&parent=2736"}],"wp:term":[{"taxonomy":"category","embeddable":true,"href":"https:\/\/www.foodmagazine.ma\/index.php?rest_route=%2Fwp%2Fv2%2Fcategories&post=2736"},{"taxonomy":"post_tag","embeddable":true,"href":"https:\/\/www.foodmagazine.ma\/index.php?rest_route=%2Fwp%2Fv2%2Ftags&post=2736"}],"curies":[{"name":"wp","href":"https:\/\/api.w.org\/{rel}","templated":true}]}}