{"id":276,"date":"2016-12-01T11:53:18","date_gmt":"2016-12-01T10:53:18","guid":{"rendered":"http:\/\/www.foodmagazine.ma\/?p=276"},"modified":"2016-12-01T11:53:18","modified_gmt":"2016-12-01T10:53:18","slug":"bayer-et-monsanto-un-mariage-pour-former-le-leader-mondial-de-lagriculture","status":"publish","type":"post","link":"https:\/\/www.foodmagazine.ma\/?p=276","title":{"rendered":"Bayer et Monsanto. Un mariage pour former le leader mondial de l\u2019agriculture"},"content":{"rendered":"<p class=\"p1\">\n<p class=\"p4\"><span class=\"s1\"><img loading=\"lazy\" decoding=\"async\" class=\"size-medium wp-image-277 alignright\" src=\"https:\/\/www.foodmagazine.ma\/wp-content\/uploads\/2016\/12\/Bayer-et-Monsanto--300x200.jpg\" alt=\"bayer-et-monsanto\" width=\"300\" height=\"200\" srcset=\"https:\/\/www.foodmagazine.ma\/wp-content\/uploads\/2016\/12\/Bayer-et-Monsanto--300x200.jpg 300w, https:\/\/www.foodmagazine.ma\/wp-content\/uploads\/2016\/12\/Bayer-et-Monsanto-.jpg 600w\" sizes=\"auto, (max-width: 300px) 100vw, 300px\" \/>Bayer et Monsanto ont annonc\u00e9 le 14 septembre 2016 la signature d\u2019un accord de fusion d\u00e9finitif selon lequel Bayer fera l\u2019acquisition de Monsanto pour un montant de 128 dollars par action dans le cadre d\u2019une transaction en esp\u00e8ces. Le Conseil d\u2019administration de Monsanto, le Directoire de Bayer et le Conseil de surveillance de Bayer ont approuv\u00e9 l\u2019accord \u00e0 l\u2019unanimit\u00e9. Sur la base du cours des actions de cl\u00f4ture de Monsanto du 9 mai 2016, veille de la premi\u00e8re proposition \u00e9crite de Bayer \u00e0 Monsanto, l\u2019offre repr\u00e9sente une prime de 44 % par rapport \u00e0 ce prix. \u00ab <i>Nous sommes ravis d\u2019annoncer la fusion de nos deux grandes entreprises. Il s\u2019agit d\u2019une \u00e9tape importante pour notre activit\u00e9 Crop Science, qui renforce le leadership de Bayer comme soci\u00e9t\u00e9 innovante sp\u00e9cialis\u00e9e dans les Sciences de la vie avec une position dominante dans ses segments cl\u00e9s. Cette op\u00e9ration apporte une valeur ajout\u00e9e consid\u00e9rable aux actionnaires, \u00e0 nos clients, aux employ\u00e9s et \u00e0 la soci\u00e9t\u00e9 dans son ensemble<\/i> \u00bb, a d\u00e9clar\u00e9 Werner Baumann, CEO de Bayer AG. <\/span><\/p>\n<p class=\"p4\"><span class=\"s1\">Cette transaction regroupe deux entreprises diff\u00e9rentes, mais hautement compl\u00e9mentaires. L\u2019entreprise n\u00e9e de la fusion b\u00e9n\u00e9ficiera du leadership de Monsanto dans le segment Seeds &amp; Traits et de la plate-forme Climate Corporation avec la vaste gamme de produits Crop Protection de Bayer qui couvre un ensemble complet d\u2019indications et de cultures dans toutes les r\u00e9gions cl\u00e9s. Ainsi, les producteurs b\u00e9n\u00e9ficieront d\u2019un vaste ensemble de solutions qui r\u00e9pondront \u00e0 leurs besoins actuels et futurs, y compris des solutions optimis\u00e9es pour les secteurs des semences et des traits, de l\u2019agriculture num\u00e9rique et de la protection des cultures. L\u2019op\u00e9ration permettra \u00e9galement le regroupement des principales capacit\u00e9s d\u2019innovation et des plates-formes de technologie R&amp;D des deux entreprises, avec un budget en R&amp;D pro forma annuel d\u2019environ 2,5 milliards d\u2019euros.<\/span><\/p>\n","protected":false},"excerpt":{"rendered":"<p>Bayer et Monsanto ont annonc\u00e9 le 14 septembre 2016 la signature d\u2019un accord de fusion d\u00e9finitif selon lequel Bayer fera l\u2019acquisition de Monsanto pour un montant de 128 dollars par action dans le cadre d\u2019une transaction en esp\u00e8ces. Le Conseil d\u2019administration de Monsanto, le Directoire de Bayer et le Conseil de surveillance de Bayer ont &hellip;<\/p>\n","protected":false},"author":1,"featured_media":277,"comment_status":"open","ping_status":"closed","sticky":false,"template":"","format":"standard","meta":{"footnotes":""},"categories":[6,3],"tags":[],"class_list":["post-276","post","type-post","status-publish","format-standard","has-post-thumbnail","","category-a-la-une","category-actus-monde"],"aioseo_notices":[],"_links":{"self":[{"href":"https:\/\/www.foodmagazine.ma\/index.php?rest_route=\/wp\/v2\/posts\/276","targetHints":{"allow":["GET"]}}],"collection":[{"href":"https:\/\/www.foodmagazine.ma\/index.php?rest_route=\/wp\/v2\/posts"}],"about":[{"href":"https:\/\/www.foodmagazine.ma\/index.php?rest_route=\/wp\/v2\/types\/post"}],"author":[{"embeddable":true,"href":"https:\/\/www.foodmagazine.ma\/index.php?rest_route=\/wp\/v2\/users\/1"}],"replies":[{"embeddable":true,"href":"https:\/\/www.foodmagazine.ma\/index.php?rest_route=%2Fwp%2Fv2%2Fcomments&post=276"}],"version-history":[{"count":1,"href":"https:\/\/www.foodmagazine.ma\/index.php?rest_route=\/wp\/v2\/posts\/276\/revisions"}],"predecessor-version":[{"id":278,"href":"https:\/\/www.foodmagazine.ma\/index.php?rest_route=\/wp\/v2\/posts\/276\/revisions\/278"}],"wp:featuredmedia":[{"embeddable":true,"href":"https:\/\/www.foodmagazine.ma\/index.php?rest_route=\/wp\/v2\/media\/277"}],"wp:attachment":[{"href":"https:\/\/www.foodmagazine.ma\/index.php?rest_route=%2Fwp%2Fv2%2Fmedia&parent=276"}],"wp:term":[{"taxonomy":"category","embeddable":true,"href":"https:\/\/www.foodmagazine.ma\/index.php?rest_route=%2Fwp%2Fv2%2Fcategories&post=276"},{"taxonomy":"post_tag","embeddable":true,"href":"https:\/\/www.foodmagazine.ma\/index.php?rest_route=%2Fwp%2Fv2%2Ftags&post=276"}],"curies":[{"name":"wp","href":"https:\/\/api.w.org\/{rel}","templated":true}]}}