{"id":2762,"date":"2020-09-08T11:44:34","date_gmt":"2020-09-08T10:44:34","guid":{"rendered":"http:\/\/www.foodmagazine.ma\/?p=2762"},"modified":"2020-09-08T11:44:36","modified_gmt":"2020-09-08T10:44:36","slug":"efficacite-energetique-et-agro-industrie-ahk-maroc-organise-un-forum-germano-marocain-et-des-b2b-digitales","status":"publish","type":"post","link":"https:\/\/www.foodmagazine.ma\/?p=2762","title":{"rendered":"Efficacit\u00e9 \u00e9nerg\u00e9tique et agro-industrie : AHK Maroc organise un forum germano-marocain et des B2B digitales"},"content":{"rendered":"\n<figure class=\"wp-block-image size-large\"><img loading=\"lazy\" decoding=\"async\" width=\"863\" height=\"384\" src=\"https:\/\/www.foodmagazine.ma\/wp-content\/uploads\/2020\/09\/Flyer_GR_Energieeffizienz-Lebensmittelindustrie-und-Landwirtschaft_2020-1.jpg\" alt=\"\" class=\"wp-image-2748\" srcset=\"https:\/\/www.foodmagazine.ma\/wp-content\/uploads\/2020\/09\/Flyer_GR_Energieeffizienz-Lebensmittelindustrie-und-Landwirtschaft_2020-1.jpg 863w, https:\/\/www.foodmagazine.ma\/wp-content\/uploads\/2020\/09\/Flyer_GR_Energieeffizienz-Lebensmittelindustrie-und-Landwirtschaft_2020-1-300x133.jpg 300w, https:\/\/www.foodmagazine.ma\/wp-content\/uploads\/2020\/09\/Flyer_GR_Energieeffizienz-Lebensmittelindustrie-und-Landwirtschaft_2020-1-768x342.jpg 768w\" sizes=\"auto, (max-width: 863px) 100vw, 863px\" \/><\/figure>\n\n\n\n<p>La Chambre Allemande de Commerce et d\u2019Industrie au Maroc (AHK Maroc) organise une visio-conf\u00e9rence et des B2B sur le th\u00e8me de l&#8217;efficacit\u00e9 \u00e9nerg\u00e9tique dans l&#8217;industrie agroalimentaire. Cet \u00e9v\u00e9nement, organis\u00e9 en coop\u00e9ration avec la Renewables Academy AG (RENAC), est soutenu et financ\u00e9 par le programme German Energy Solutions Initiative du Minist\u00e8re f\u00e9d\u00e9ral allemand de l&#8217;\u00c9conomie et de l&#8217;\u00c9nergie.<\/p>\n\n\n\n<p>Le webinaire de lancement, intitul\u00e9 \u00ab Forum germano-marocain pour l&#8217;efficacit\u00e9 \u00e9nerg\u00e9tique dans l&#8217;industrie alimentaire et l&#8217;agriculture \u00bb, aura lieu le 29 septembre. Il permettra aux participants de partager leur savoir-faire technologique et leurs bonnes pratiques li\u00e9s \u00e0 la mise en \u0153uvre de mesures d\u2019efficacit\u00e9 \u00e9nerg\u00e9tique et \u00e0 l\u2019emploi des \u00e9nergies renouvelables pour l\u2019autoproduction. Les entreprises allemandes pr\u00e9senteront leurs produits et services au public marocain et partageront ainsi les technologies \u00ab Engineered in Germany \u00bb.<\/p>\n\n\n\n<p>Des hauts repr\u00e9sentants de Minist\u00e8res et Agences publiques marocaines donneront un aper\u00e7u du potentiel commercial, des conditions politiques actuelles et du cadre r\u00e9glementaire pr\u00e9existant, tout en abordant les possibilit\u00e9s de financement d\u00e9di\u00e9s aux projets en cours au Maroc. De plus, le webinaire devrait permettre aux entreprises marocaines d\u2019identifier leurs besoins en mati\u00e8re d&#8217;\u00e9conomie d\u2019\u00e9nergie ou de sources d\u2019approvisionnement en \u00e9nergies alternatives, afin d\u2019y d\u00e9celer le potentiel du march\u00e9 marocain.<\/p>\n\n\n\n<p>L&#8217;\u00e9v\u00e9nement s&#8217;adresse aux entreprises marocaines, aux responsables politiques, \u00e9conomiques et administratifs dans le domaine de l&#8217;efficacit\u00e9 \u00e9nerg\u00e9tique dans l&#8217;industrie alimentaire et agricole.<\/p>\n\n\n\n<p>Par ailleurs, du 30 septembre au 2 octobre prochain, AHK Maroc mettra en place des rencontres B2B digitales entre les partenaires commerciaux marocains, pr\u00e9alablement s\u00e9lectionn\u00e9s, et les entreprises allemandes.<\/p>\n","protected":false},"excerpt":{"rendered":"<p>La Chambre Allemande de Commerce et d\u2019Industrie au Maroc (AHK Maroc) organise une visio-conf\u00e9rence et des B2B sur le th\u00e8me de l&#8217;efficacit\u00e9 \u00e9nerg\u00e9tique dans l&#8217;industrie agroalimentaire. Cet \u00e9v\u00e9nement, organis\u00e9 en coop\u00e9ration avec la Renewables Academy AG (RENAC), est soutenu et financ\u00e9 par le programme German Energy Solutions Initiative du Minist\u00e8re f\u00e9d\u00e9ral allemand de l&#8217;\u00c9conomie et &hellip;<\/p>\n","protected":false},"author":1,"featured_media":2748,"comment_status":"open","ping_status":"closed","sticky":false,"template":"","format":"standard","meta":{"footnotes":""},"categories":[6,2],"tags":[],"class_list":["post-2762","post","type-post","status-publish","format-standard","has-post-thumbnail","","category-a-la-une","category-actus-maroc"],"aioseo_notices":[],"_links":{"self":[{"href":"https:\/\/www.foodmagazine.ma\/index.php?rest_route=\/wp\/v2\/posts\/2762","targetHints":{"allow":["GET"]}}],"collection":[{"href":"https:\/\/www.foodmagazine.ma\/index.php?rest_route=\/wp\/v2\/posts"}],"about":[{"href":"https:\/\/www.foodmagazine.ma\/index.php?rest_route=\/wp\/v2\/types\/post"}],"author":[{"embeddable":true,"href":"https:\/\/www.foodmagazine.ma\/index.php?rest_route=\/wp\/v2\/users\/1"}],"replies":[{"embeddable":true,"href":"https:\/\/www.foodmagazine.ma\/index.php?rest_route=%2Fwp%2Fv2%2Fcomments&post=2762"}],"version-history":[{"count":1,"href":"https:\/\/www.foodmagazine.ma\/index.php?rest_route=\/wp\/v2\/posts\/2762\/revisions"}],"predecessor-version":[{"id":2763,"href":"https:\/\/www.foodmagazine.ma\/index.php?rest_route=\/wp\/v2\/posts\/2762\/revisions\/2763"}],"wp:featuredmedia":[{"embeddable":true,"href":"https:\/\/www.foodmagazine.ma\/index.php?rest_route=\/wp\/v2\/media\/2748"}],"wp:attachment":[{"href":"https:\/\/www.foodmagazine.ma\/index.php?rest_route=%2Fwp%2Fv2%2Fmedia&parent=2762"}],"wp:term":[{"taxonomy":"category","embeddable":true,"href":"https:\/\/www.foodmagazine.ma\/index.php?rest_route=%2Fwp%2Fv2%2Fcategories&post=2762"},{"taxonomy":"post_tag","embeddable":true,"href":"https:\/\/www.foodmagazine.ma\/index.php?rest_route=%2Fwp%2Fv2%2Ftags&post=2762"}],"curies":[{"name":"wp","href":"https:\/\/api.w.org\/{rel}","templated":true}]}}