{"id":2856,"date":"2020-10-06T14:41:51","date_gmt":"2020-10-06T13:41:51","guid":{"rendered":"http:\/\/www.foodmagazine.ma\/?p=2856"},"modified":"2020-10-06T14:41:53","modified_gmt":"2020-10-06T13:41:53","slug":"tanger-med-talk-les-nouvelles-orientations-des-chaines-de-valeurs-abordees-en-partenariat-avec-lasmex","status":"publish","type":"post","link":"https:\/\/www.foodmagazine.ma\/?p=2856","title":{"rendered":"Tanger Med Talk : les nouvelles orientations des cha\u00eenes de valeurs abord\u00e9es en partenariat avec l\u2019ASMEX"},"content":{"rendered":"\n<figure class=\"wp-block-image size-large\"><img loading=\"lazy\" decoding=\"async\" width=\"1000\" height=\"634\" src=\"https:\/\/www.foodmagazine.ma\/wp-content\/uploads\/2020\/10\/TMT-29-09.jpg\" alt=\"\" class=\"wp-image-2850\" srcset=\"https:\/\/www.foodmagazine.ma\/wp-content\/uploads\/2020\/10\/TMT-29-09.jpg 1000w, https:\/\/www.foodmagazine.ma\/wp-content\/uploads\/2020\/10\/TMT-29-09-300x190.jpg 300w, https:\/\/www.foodmagazine.ma\/wp-content\/uploads\/2020\/10\/TMT-29-09-768x487.jpg 768w\" sizes=\"auto, (max-width: 1000px) 100vw, 1000px\" \/><\/figure>\n\n\n\n<p>Le 29 septembre dernier, Tanger Med a organis\u00e9, en partenariat avec l\u2019Association Marocaine des Exportateurs (ASMEX), un Talk sous le th\u00e8me \u00ab Les nouvelles orientations des cha\u00eenes de valeur : d\u00e9fis et opportunit\u00e9s pour les exportateurs marocains \u00bb. L\u2019objectif \u00e9tait d\u2019initier une vision commune sur l\u2019avenir des cha\u00eenes de valeurs marocaines d\u00e9di\u00e9es \u00e0 l\u2019export et de d\u00e9finir un ensemble d\u2019actions prioritaires, au service du soutien des exportateurs marocains.<\/p>\n\n\n\n<p>Dans son allocution d\u2019ouverture, Hassan Sentissi, Pr\u00e9sident de l\u2019ASMEX, a rappel\u00e9 que les op\u00e9rateurs marocains doivent dor\u00e9navant se positionner sur de nouveaux produits \u00e0 forte valeur ajout\u00e9e qui cr\u00e9ent de la croissance et qui permettront de mieux se positionner dans les cha\u00eenes de valeur mondiales. Pour sa part, Hassan Abkari, Directeur G\u00e9n\u00e9ral Adjoint de l\u2019autorit\u00e9 portuaire Tanger Med, a rappel\u00e9 l&#8217;importance de la supply chain qui agit comme un pont puisque c\u2019est la seule fonction qui couvre l\u2019ensemble des acteurs de la cha\u00eene de valeur des fournisseurs des mati\u00e8res premi\u00e8res jusqu\u2019aux clients finaux.<\/p>\n\n\n\n<p>Par ailleurs, Jonathan Le Henry, Directeur Strategy &amp; PWC, a pr\u00e9cis\u00e9 que \u00ab <em>pour capter le potentiel des cha\u00eenes de valeur, tout un effort de comp\u00e9<\/em><em>titivit<\/em><em>\u00e9 est engag\u00e9 <\/em><em>et <\/em><em>\u00e0 renforcer pour l<\/em><em>\u2019<\/em><em>industrie marocaine. La capacit\u00e9 du Maroc \u00e0 maintenir ses parts de march\u00e9 viendra de sa capacit\u00e9 \u00e0 am\u00e9liorer sa comp\u00e9<\/em><em>titivit<\/em><em>\u00e9 dans un contexte concurrentiel.<\/em> \u00bb<\/p>\n\n\n\n<p>Dans le m\u00eame sens, Ahmed Bennis, Directeur D\u00e9veloppement de Tanger Med, a rappel\u00e9 les solutions logistiques mises en place par Tanger Med pour soutenir les exportations marocaines, notamment une infrastructure adapt\u00e9e pour traiter le flux des exports, une connectivit\u00e9 maritime renforc\u00e9e vers plus de 180 ports et 70 pays ainsi que des efforts continus de digitalisation des proc\u00e9dures \u00e0 travers le port Community System de Tanger Med. \u00ab <em>Ces dispositifs mis en place par Tanger Med ambitionnent de soutenir la comp\u00e9<\/em><em>titivit<\/em><em>\u00e9 des exportations marocaines et permettent ainsi de prendre en compte de mani<\/em><em>\u00e8<\/em><em>re inclusive l<\/em><em>\u2019<\/em><em>ensemble des maillons de la cha\u00eene logistique<\/em> \u00bb a-t-il d\u00e9clar\u00e9.<\/p>\n","protected":false},"excerpt":{"rendered":"<p>Le 29 septembre dernier, Tanger Med a organis\u00e9, en partenariat avec l\u2019Association Marocaine des Exportateurs (ASMEX), un Talk sous le th\u00e8me \u00ab Les nouvelles orientations des cha\u00eenes de valeur : d\u00e9fis et opportunit\u00e9s pour les exportateurs marocains \u00bb. L\u2019objectif \u00e9tait d\u2019initier une vision commune sur l\u2019avenir des cha\u00eenes de valeurs marocaines d\u00e9di\u00e9es \u00e0 l\u2019export et &hellip;<\/p>\n","protected":false},"author":1,"featured_media":2850,"comment_status":"open","ping_status":"closed","sticky":false,"template":"","format":"standard","meta":{"footnotes":""},"categories":[6,2],"tags":[],"class_list":["post-2856","post","type-post","status-publish","format-standard","has-post-thumbnail","","category-a-la-une","category-actus-maroc"],"aioseo_notices":[],"_links":{"self":[{"href":"https:\/\/www.foodmagazine.ma\/index.php?rest_route=\/wp\/v2\/posts\/2856","targetHints":{"allow":["GET"]}}],"collection":[{"href":"https:\/\/www.foodmagazine.ma\/index.php?rest_route=\/wp\/v2\/posts"}],"about":[{"href":"https:\/\/www.foodmagazine.ma\/index.php?rest_route=\/wp\/v2\/types\/post"}],"author":[{"embeddable":true,"href":"https:\/\/www.foodmagazine.ma\/index.php?rest_route=\/wp\/v2\/users\/1"}],"replies":[{"embeddable":true,"href":"https:\/\/www.foodmagazine.ma\/index.php?rest_route=%2Fwp%2Fv2%2Fcomments&post=2856"}],"version-history":[{"count":1,"href":"https:\/\/www.foodmagazine.ma\/index.php?rest_route=\/wp\/v2\/posts\/2856\/revisions"}],"predecessor-version":[{"id":2857,"href":"https:\/\/www.foodmagazine.ma\/index.php?rest_route=\/wp\/v2\/posts\/2856\/revisions\/2857"}],"wp:featuredmedia":[{"embeddable":true,"href":"https:\/\/www.foodmagazine.ma\/index.php?rest_route=\/wp\/v2\/media\/2850"}],"wp:attachment":[{"href":"https:\/\/www.foodmagazine.ma\/index.php?rest_route=%2Fwp%2Fv2%2Fmedia&parent=2856"}],"wp:term":[{"taxonomy":"category","embeddable":true,"href":"https:\/\/www.foodmagazine.ma\/index.php?rest_route=%2Fwp%2Fv2%2Fcategories&post=2856"},{"taxonomy":"post_tag","embeddable":true,"href":"https:\/\/www.foodmagazine.ma\/index.php?rest_route=%2Fwp%2Fv2%2Ftags&post=2856"}],"curies":[{"name":"wp","href":"https:\/\/api.w.org\/{rel}","templated":true}]}}