{"id":2986,"date":"2020-11-11T10:29:25","date_gmt":"2020-11-11T09:29:25","guid":{"rendered":"http:\/\/www.foodmagazine.ma\/?p=2986"},"modified":"2020-11-11T10:29:27","modified_gmt":"2020-11-11T09:29:27","slug":"industrie-agroalimentaire-et-crise-sanitaire-la-britcham-organise-un-webinaire-le-12-novembre","status":"publish","type":"post","link":"https:\/\/www.foodmagazine.ma\/?p=2986","title":{"rendered":"Industrie agroalimentaire et crise sanitaire : la Britcham organise un webinaire le 12 novembre"},"content":{"rendered":"\n<figure class=\"wp-block-image size-large\"><img loading=\"lazy\" decoding=\"async\" width=\"960\" height=\"647\" src=\"https:\/\/www.foodmagazine.ma\/wp-content\/uploads\/2020\/11\/Britcham.jpg\" alt=\"\" class=\"wp-image-2987\" srcset=\"https:\/\/www.foodmagazine.ma\/wp-content\/uploads\/2020\/11\/Britcham.jpg 960w, https:\/\/www.foodmagazine.ma\/wp-content\/uploads\/2020\/11\/Britcham-300x202.jpg 300w, https:\/\/www.foodmagazine.ma\/wp-content\/uploads\/2020\/11\/Britcham-768x518.jpg 768w, https:\/\/www.foodmagazine.ma\/wp-content\/uploads\/2020\/11\/Britcham-110x75.jpg 110w\" sizes=\"auto, (max-width: 960px) 100vw, 960px\" \/><\/figure>\n\n\n\n<p>La Chambre de Commerce Britannique pour le Maroc (Britcham) organise, le 12 novembre, un webinaire sous le th\u00e8me \u00ab L\u2019agro-industrie marocaine : impact et plan de relance \u00bb. Depuis le d\u00e9but de la crise li\u00e9e au Covid-19, l\u2019industrie agroalimentaire est per\u00e7ue comme secteur b\u00e9n\u00e9ficiaire de la crise. \u00ab <em>La perception de bonne sant\u00e9 du secteur est principalement due \u00e0 la confusion entre industrie agroalimentaire et produits de premi\u00e8re n\u00e9cessit\u00e9. Ces derniers ne repr\u00e9sentent que 27% de l\u2019industrie<\/em> \u00bb, indique la F\u00e9d\u00e9ration Nationale de l&#8217;Agroalimentaire (Fenagri).<\/p>\n\n\n\n<p>Ainsi, ce webinaire donnera l\u2019occasion de r\u00e9pondre \u00e0 plusieurs questions. Il s\u2019agit, entre autres, des cons\u00e9quences du Covid-19 sur le secteur de l\u2019industrie agroalimentaire, les mesures prises depuis le d\u00e9but de la crise pour les produits de premi\u00e8re n\u00e9cessit\u00e9, le plan de relance Post-Covid, le plan d\u2019acc\u00e9l\u00e9ration industriel, le plan d\u2019action pour le soutien des structures agricoles, ainsi que les mesures prises pour aider le consommateur marocain face \u00e0 cette pand\u00e9mie.<\/p>\n\n\n\n<p>Seront pr\u00e9sents afin de partager leur savoir-faire via leurs interventions : Abdelmounim El Eulj, Pr\u00e9sident de la Fenagri, Youssef Fadil, Directeur des industries agro-alimentaires au Minist\u00e8re de l\u2019Industrie, du Commerce, de l\u2019Investissement et de l\u2019\u00c9conomie num\u00e9rique, El Mahdi Arrifi, Directeur G\u00e9n\u00e9ral de l\u2019Agence Pour le D\u00e9veloppement Agricole (ADA), Adil Chikhi, Directeur r\u00e9gional corporate de Banque Europ\u00e9enne pour la Reconstruction et le D\u00e9veloppement (BERD), et Ahmed Daoudi, Directeur Recherche &amp; D\u00e9veloppement au Groupe Koutoubia.<\/p>\n","protected":false},"excerpt":{"rendered":"<p>La Chambre de Commerce Britannique pour le Maroc (Britcham) organise, le 12 novembre, un webinaire sous le th\u00e8me \u00ab L\u2019agro-industrie marocaine : impact et plan de relance \u00bb. Depuis le d\u00e9but de la crise li\u00e9e au Covid-19, l\u2019industrie agroalimentaire est per\u00e7ue comme secteur b\u00e9n\u00e9ficiaire de la crise. \u00ab La perception de bonne sant\u00e9 du secteur &hellip;<\/p>\n","protected":false},"author":1,"featured_media":2987,"comment_status":"open","ping_status":"closed","sticky":false,"template":"","format":"standard","meta":{"footnotes":""},"categories":[6,2],"tags":[],"class_list":["post-2986","post","type-post","status-publish","format-standard","has-post-thumbnail","","category-a-la-une","category-actus-maroc"],"aioseo_notices":[],"_links":{"self":[{"href":"https:\/\/www.foodmagazine.ma\/index.php?rest_route=\/wp\/v2\/posts\/2986","targetHints":{"allow":["GET"]}}],"collection":[{"href":"https:\/\/www.foodmagazine.ma\/index.php?rest_route=\/wp\/v2\/posts"}],"about":[{"href":"https:\/\/www.foodmagazine.ma\/index.php?rest_route=\/wp\/v2\/types\/post"}],"author":[{"embeddable":true,"href":"https:\/\/www.foodmagazine.ma\/index.php?rest_route=\/wp\/v2\/users\/1"}],"replies":[{"embeddable":true,"href":"https:\/\/www.foodmagazine.ma\/index.php?rest_route=%2Fwp%2Fv2%2Fcomments&post=2986"}],"version-history":[{"count":1,"href":"https:\/\/www.foodmagazine.ma\/index.php?rest_route=\/wp\/v2\/posts\/2986\/revisions"}],"predecessor-version":[{"id":2988,"href":"https:\/\/www.foodmagazine.ma\/index.php?rest_route=\/wp\/v2\/posts\/2986\/revisions\/2988"}],"wp:featuredmedia":[{"embeddable":true,"href":"https:\/\/www.foodmagazine.ma\/index.php?rest_route=\/wp\/v2\/media\/2987"}],"wp:attachment":[{"href":"https:\/\/www.foodmagazine.ma\/index.php?rest_route=%2Fwp%2Fv2%2Fmedia&parent=2986"}],"wp:term":[{"taxonomy":"category","embeddable":true,"href":"https:\/\/www.foodmagazine.ma\/index.php?rest_route=%2Fwp%2Fv2%2Fcategories&post=2986"},{"taxonomy":"post_tag","embeddable":true,"href":"https:\/\/www.foodmagazine.ma\/index.php?rest_route=%2Fwp%2Fv2%2Ftags&post=2986"}],"curies":[{"name":"wp","href":"https:\/\/api.w.org\/{rel}","templated":true}]}}