{"id":3026,"date":"2020-11-17T11:56:28","date_gmt":"2020-11-17T10:56:28","guid":{"rendered":"http:\/\/www.foodmagazine.ma\/?p=3026"},"modified":"2020-11-17T11:56:30","modified_gmt":"2020-11-17T10:56:30","slug":"relance-economique-aziz-akhannouch-participe-a-un-evenement-de-haut-niveau-organise-par-la-banque-mondiale","status":"publish","type":"post","link":"https:\/\/www.foodmagazine.ma\/?p=3026","title":{"rendered":"Relance \u00e9conomique : Aziz Akhannouch participe \u00e0 un \u00e9v\u00e8nement de haut niveau organis\u00e9 par la Banque Mondiale"},"content":{"rendered":"\n<figure class=\"wp-block-image size-large\"><img loading=\"lazy\" decoding=\"async\" width=\"1000\" height=\"595\" src=\"https:\/\/www.foodmagazine.ma\/wp-content\/uploads\/2020\/11\/Aziz-Akhannouch-Banque-Mondiale.jpg\" alt=\"\" class=\"wp-image-3027\" srcset=\"https:\/\/www.foodmagazine.ma\/wp-content\/uploads\/2020\/11\/Aziz-Akhannouch-Banque-Mondiale.jpg 1000w, https:\/\/www.foodmagazine.ma\/wp-content\/uploads\/2020\/11\/Aziz-Akhannouch-Banque-Mondiale-300x179.jpg 300w, https:\/\/www.foodmagazine.ma\/wp-content\/uploads\/2020\/11\/Aziz-Akhannouch-Banque-Mondiale-768x457.jpg 768w\" sizes=\"auto, (max-width: 1000px) 100vw, 1000px\" \/><\/figure>\n\n\n\n<p>Le Ministre de l\u2019Agriculture, de la P\u00eache Maritime, du D\u00e9veloppement Rural et des Eaux et For\u00eats, Aziz Akhannouch, a pris part le 12 novembre \u00e0 un s\u00e9minaire virtuel de haut niveau organis\u00e9 par la Banque Mondiale sur le th\u00e8me \u00ab Le Moyen-Orient et l&#8217;Afrique du Nord \u00e0 la crois\u00e9e des chemins &#8211; vers une relance \u00e9conomique r\u00e9siliente, inclusive, durable et efficace \u00bb. L\u2019\u00e9v\u00e9nement \u00e9tait structur\u00e9 autour de 3 panels et visait \u00e0 \u00e9changer les exp\u00e9riences \u00e0 travers le monde et \u00e0 mettre en lumi\u00e8re les moyens de parvenir \u00e0 un d\u00e9veloppement r\u00e9silient, inclusif, durable et efficace pour les pays de la r\u00e9gion MENA.<\/p>\n\n\n\n<p>En ce qui concerne le secteur agricole, M. Akhannouch a soulign\u00e9 que les agriculteurs marocains ont fait preuve d&#8217;une grande capacit\u00e9 d&#8217;adaptation aux conditions climatiques difficiles et \u00e0 l\u2019\u00e9tat d\u2019urgence sanitaire d\u00e9cr\u00e9t\u00e9 dans notre pays depuis le d\u00e9but de la pand\u00e9mie de Covid-19. Selon lui, le secteur a jou\u00e9 un r\u00f4le cl\u00e9 dans cette circonstance, en assurant l&#8217;approvisionnement des march\u00e9s ainsi que la continuit\u00e9 d&#8217;activit\u00e9, ce qui a permis la r\u00e9alisation de r\u00e9sultats remarquables, notamment au niveau des exportations agricoles qui ont enregistr\u00e9 une hausse de 5%.<\/p>\n\n\n\n<p>Par ailleurs, M. Akhannouch a pr\u00e9cis\u00e9 que la strat\u00e9gie \u00ab G\u00e9n\u00e9ration Green 2020-2023 \u00bb apporte un certain nombre de r\u00e9ponses aux probl\u00e9matiques auxquelles l\u2019activit\u00e9 \u00e9conomique a \u00e9t\u00e9 confront\u00e9e pendant la pand\u00e9mie de Covid-19. Concernant l\u2019axe de l&#8217;emploi, le Ministre a \u00e9voqu\u00e9 la mobilisation d\u2019un million d&#8217;hectares de terres pour assurer la s\u00e9curit\u00e9 alimentaire du Maroc. Il s&#8217;agit d&#8217;un chantier destin\u00e9 principalement aux jeunes \u00e0 travers un programme sp\u00e9cial qui comprend un soutien \u00e0 cette population pour se stabiliser en milieu rural, assurant ainsi la succession g\u00e9n\u00e9rationnelle des agriculteurs. De plus, le Ministre a soulign\u00e9 que le d\u00e9veloppement agricole se poursuivra gr\u00e2ce \u00e0 des projets d&#8217;irrigation, d&#8217;\u00e9conomie et de dessalement de l&#8217;eau, et \u00e0 travers le lancement de plusieurs programmes se rapportant notamment \u00e0 la r\u00e9habilitation des march\u00e9s de gros et des petits march\u00e9s, et qui sont une priorit\u00e9 pour le secteur au cours de la phase suivante.<\/p>\n","protected":false},"excerpt":{"rendered":"<p>Le Ministre de l\u2019Agriculture, de la P\u00eache Maritime, du D\u00e9veloppement Rural et des Eaux et For\u00eats, Aziz Akhannouch, a pris part le 12 novembre \u00e0 un s\u00e9minaire virtuel de haut niveau organis\u00e9 par la Banque Mondiale sur le th\u00e8me \u00ab Le Moyen-Orient et l&#8217;Afrique du Nord \u00e0 la crois\u00e9e des chemins &#8211; vers une relance &hellip;<\/p>\n","protected":false},"author":1,"featured_media":3027,"comment_status":"open","ping_status":"closed","sticky":false,"template":"","format":"standard","meta":{"footnotes":""},"categories":[6,2],"tags":[],"class_list":["post-3026","post","type-post","status-publish","format-standard","has-post-thumbnail","","category-a-la-une","category-actus-maroc"],"aioseo_notices":[],"_links":{"self":[{"href":"https:\/\/www.foodmagazine.ma\/index.php?rest_route=\/wp\/v2\/posts\/3026","targetHints":{"allow":["GET"]}}],"collection":[{"href":"https:\/\/www.foodmagazine.ma\/index.php?rest_route=\/wp\/v2\/posts"}],"about":[{"href":"https:\/\/www.foodmagazine.ma\/index.php?rest_route=\/wp\/v2\/types\/post"}],"author":[{"embeddable":true,"href":"https:\/\/www.foodmagazine.ma\/index.php?rest_route=\/wp\/v2\/users\/1"}],"replies":[{"embeddable":true,"href":"https:\/\/www.foodmagazine.ma\/index.php?rest_route=%2Fwp%2Fv2%2Fcomments&post=3026"}],"version-history":[{"count":1,"href":"https:\/\/www.foodmagazine.ma\/index.php?rest_route=\/wp\/v2\/posts\/3026\/revisions"}],"predecessor-version":[{"id":3028,"href":"https:\/\/www.foodmagazine.ma\/index.php?rest_route=\/wp\/v2\/posts\/3026\/revisions\/3028"}],"wp:featuredmedia":[{"embeddable":true,"href":"https:\/\/www.foodmagazine.ma\/index.php?rest_route=\/wp\/v2\/media\/3027"}],"wp:attachment":[{"href":"https:\/\/www.foodmagazine.ma\/index.php?rest_route=%2Fwp%2Fv2%2Fmedia&parent=3026"}],"wp:term":[{"taxonomy":"category","embeddable":true,"href":"https:\/\/www.foodmagazine.ma\/index.php?rest_route=%2Fwp%2Fv2%2Fcategories&post=3026"},{"taxonomy":"post_tag","embeddable":true,"href":"https:\/\/www.foodmagazine.ma\/index.php?rest_route=%2Fwp%2Fv2%2Ftags&post=3026"}],"curies":[{"name":"wp","href":"https:\/\/api.w.org\/{rel}","templated":true}]}}