{"id":3089,"date":"2020-11-24T12:46:49","date_gmt":"2020-11-24T11:46:49","guid":{"rendered":"http:\/\/www.foodmagazine.ma\/?p=3089"},"modified":"2020-11-24T12:46:51","modified_gmt":"2020-11-24T11:46:51","slug":"universite-mohammed-vi-polytechnique-creation-dun-consortium-inter-universitaire-marocain-de-formation-de-recherche-et-dinnovation","status":"publish","type":"post","link":"https:\/\/www.foodmagazine.ma\/?p=3089","title":{"rendered":"Universit\u00e9 Mohammed VI Polytechnique : cr\u00e9ation d\u2019un consortium inter-universitaire marocain de formation, de recherche et d\u2019innovation"},"content":{"rendered":"\n<figure class=\"wp-block-image size-large\"><img loading=\"lazy\" decoding=\"async\" width=\"1000\" height=\"551\" src=\"https:\/\/www.foodmagazine.ma\/wp-content\/uploads\/2020\/11\/fb6a2161-6f45-4956-885c-1db1730ca871.jpg\" alt=\"\" class=\"wp-image-3090\" srcset=\"https:\/\/www.foodmagazine.ma\/wp-content\/uploads\/2020\/11\/fb6a2161-6f45-4956-885c-1db1730ca871.jpg 1000w, https:\/\/www.foodmagazine.ma\/wp-content\/uploads\/2020\/11\/fb6a2161-6f45-4956-885c-1db1730ca871-300x165.jpg 300w, https:\/\/www.foodmagazine.ma\/wp-content\/uploads\/2020\/11\/fb6a2161-6f45-4956-885c-1db1730ca871-768x423.jpg 768w\" sizes=\"auto, (max-width: 1000px) 100vw, 1000px\" \/><\/figure>\n\n\n\n<p>Saa\u00efd Amzazi, Ministre de l&#8217;\u00c9ducation nationale, de la Formation professionnelle, de l&#8217;Enseignement sup\u00e9rieur et de la Recherche scientifique, et Hicham El Habti, Pr\u00e9sident de l\u2019Universit\u00e9 Mohammed VI Polytechnique (UM6P), ont donn\u00e9 le coup d\u2019envoi du lancement d\u2019un consortium inter-universitaire de formation, de recherche et d\u2019innovation, et ce \u00e0 travers une conf\u00e9rence en ligne en pr\u00e9sence des Pr\u00e9sidents des universit\u00e9s partenaires. Constitu\u00e9 de 6 universit\u00e9s marocaines (universit\u00e9 Cadi Ayad, universit\u00e9 Mohammed V, universit\u00e9 Ibn Tofail, universit\u00e9 Ibn Zohr, universit\u00e9 Sultan Moulay Slimane, UM6P et Institut de recherche pour le d\u00e9veloppement fran\u00e7ais), ce consortium doit aboutir \u00e0 la pr\u00e9figuration d\u2019un centre international des sciences de la durabilit\u00e9 sur le th\u00e8me de la gestion des ressources v\u00e9g\u00e9tales, de l\u2019eau et du sol dans le contexte des changements climatiques au Maroc et en Afrique.<\/p>\n\n\n\n<p>L\u2019id\u00e9e du consortium r\u00e9sulte de la convergence de 4 strat\u00e9gies. Il s\u2019agit de celle du Minist\u00e8re de l&#8217;\u00e9ducation nationale (structurer l\u2019\u00e9cosyst\u00e8me de recherche marocain autour de th\u00e9matiques strat\u00e9giques), celle des universit\u00e9s participantes (se structurer en p\u00f4les et centres d\u2019excellence pour mieux s\u2019ins\u00e9rer dans le tissu socio-\u00e9conomique de leurs r\u00e9gions respectives), de la strat\u00e9gie de l\u2019UM6P (\u00eatre un levier pour le d\u00e9veloppement au Maroc et en Afrique), en plus de la strat\u00e9gie de l\u2019Institut de recherche pour le d\u00e9veloppement fran\u00e7ais (p\u00e9renniser, structurer et amplifier ses collaborations historiques avec les universit\u00e9s marocaines).<\/p>\n\n\n\n<p>La strat\u00e9gie adopt\u00e9e repose sur le principe de l\u2019intelligence collective, centr\u00e9e autour de l\u2019interdisciplinarit\u00e9 et de la co-construction avec l\u2019ensemble des intervenants du secteur. Ceci permettra d\u2019appr\u00e9hender ces probl\u00e8mes complexes avec des regards compl\u00e9mentaires. Le consortium aspire ainsi \u00e0 cr\u00e9er une masse critique, \u00e0 mutualiser les moyens mat\u00e9riels et logistiques, \u00e0 r\u00e9duire les co\u00fbts et \u00e0 \u00eatre en meilleur position pour lever des fonds internationaux. Cette initiative permettra \u00e9galement de former une nouvelle g\u00e9n\u00e9ration de chercheurs et d\u2019enseignants-chercheurs marocains et africains.<\/p>\n\n\n\n<p>Les universit\u00e9s marocaines contribueront dans le cadre de ce consortium par leurs laboratoires, centres de recherche et cit\u00e9s d\u2019innovations d\u00e9di\u00e9es au th\u00e8me propos\u00e9. Enfin, les partenaires se sont fix\u00e9s comme premier livrable la production d\u2019un livre blanc pr\u00e9cisant le cadre juridique du centre, ses p\u00e9rim\u00e8tres th\u00e9matiques, son plan de formation, ses crit\u00e8res d&#8217;int\u00e9gration de nouveaux partenaires (notamment africains et latino-am\u00e9ricains), ses besoins en ressources mat\u00e9rielles et humaines et son business model ainsi que les contributions des diff\u00e9rents partenaires.<\/p>\n","protected":false},"excerpt":{"rendered":"<p>Saa\u00efd Amzazi, Ministre de l&#8217;\u00c9ducation nationale, de la Formation professionnelle, de l&#8217;Enseignement sup\u00e9rieur et de la Recherche scientifique, et Hicham El Habti, Pr\u00e9sident de l\u2019Universit\u00e9 Mohammed VI Polytechnique (UM6P), ont donn\u00e9 le coup d\u2019envoi du lancement d\u2019un consortium inter-universitaire de formation, de recherche et d\u2019innovation, et ce \u00e0 travers une conf\u00e9rence en ligne en pr\u00e9sence &hellip;<\/p>\n","protected":false},"author":1,"featured_media":3090,"comment_status":"open","ping_status":"closed","sticky":false,"template":"","format":"standard","meta":{"footnotes":""},"categories":[6,2],"tags":[],"class_list":["post-3089","post","type-post","status-publish","format-standard","has-post-thumbnail","","category-a-la-une","category-actus-maroc"],"aioseo_notices":[],"_links":{"self":[{"href":"https:\/\/www.foodmagazine.ma\/index.php?rest_route=\/wp\/v2\/posts\/3089","targetHints":{"allow":["GET"]}}],"collection":[{"href":"https:\/\/www.foodmagazine.ma\/index.php?rest_route=\/wp\/v2\/posts"}],"about":[{"href":"https:\/\/www.foodmagazine.ma\/index.php?rest_route=\/wp\/v2\/types\/post"}],"author":[{"embeddable":true,"href":"https:\/\/www.foodmagazine.ma\/index.php?rest_route=\/wp\/v2\/users\/1"}],"replies":[{"embeddable":true,"href":"https:\/\/www.foodmagazine.ma\/index.php?rest_route=%2Fwp%2Fv2%2Fcomments&post=3089"}],"version-history":[{"count":1,"href":"https:\/\/www.foodmagazine.ma\/index.php?rest_route=\/wp\/v2\/posts\/3089\/revisions"}],"predecessor-version":[{"id":3091,"href":"https:\/\/www.foodmagazine.ma\/index.php?rest_route=\/wp\/v2\/posts\/3089\/revisions\/3091"}],"wp:featuredmedia":[{"embeddable":true,"href":"https:\/\/www.foodmagazine.ma\/index.php?rest_route=\/wp\/v2\/media\/3090"}],"wp:attachment":[{"href":"https:\/\/www.foodmagazine.ma\/index.php?rest_route=%2Fwp%2Fv2%2Fmedia&parent=3089"}],"wp:term":[{"taxonomy":"category","embeddable":true,"href":"https:\/\/www.foodmagazine.ma\/index.php?rest_route=%2Fwp%2Fv2%2Fcategories&post=3089"},{"taxonomy":"post_tag","embeddable":true,"href":"https:\/\/www.foodmagazine.ma\/index.php?rest_route=%2Fwp%2Fv2%2Ftags&post=3089"}],"curies":[{"name":"wp","href":"https:\/\/api.w.org\/{rel}","templated":true}]}}