{"id":310,"date":"2017-03-28T12:22:26","date_gmt":"2017-03-28T10:22:26","guid":{"rendered":"http:\/\/www.foodmagazine.ma\/?p=310"},"modified":"2017-03-28T12:22:26","modified_gmt":"2017-03-28T10:22:26","slug":"macfrut-2017-une-large-ouverture-sur-linternational","status":"publish","type":"post","link":"https:\/\/www.foodmagazine.ma\/?p=310","title":{"rendered":"Macfrut 2017. Une large ouverture sur l\u2019international"},"content":{"rendered":"<p class=\"p1\">\n<p class=\"p4\"><img loading=\"lazy\" decoding=\"async\" class=\"size-medium wp-image-311 alignright\" src=\"https:\/\/www.foodmagazine.ma\/wp-content\/uploads\/2017\/03\/Macfrut-300x200.jpg\" alt=\"Macfrut\" width=\"300\" height=\"200\" srcset=\"https:\/\/www.foodmagazine.ma\/wp-content\/uploads\/2017\/03\/Macfrut-300x200.jpg 300w, https:\/\/www.foodmagazine.ma\/wp-content\/uploads\/2017\/03\/Macfrut-768x511.jpg 768w, https:\/\/www.foodmagazine.ma\/wp-content\/uploads\/2017\/03\/Macfrut.jpg 1000w\" sizes=\"auto, (max-width: 300px) 100vw, 300px\" \/>Le salon International des fruits et l\u00e9gumes, Macfrut, continue \u00e0 se d\u00e9velopper et affiche une croissance de 30% pour les exposants venant de l\u2019\u00e9tranger, avec 40 pays et nombreuses nouveaut\u00e9s, dont notamment l\u2019Afrique. La 34\u00e8me \u00e9dition de cet \u00e9v\u00e8nement qui se tiendra \u00e0 Rimini du 10 au 12 mai prochains, sera plus grande, plus innovante et surtout plus internationale. Au-del\u00e0 de toutes les nouveaut\u00e9s qui ont \u00e9t\u00e9 r\u00e9v\u00e9l\u00e9es lors de ces derniers mois, les chiffres confirment une nouvelle tendance qui a commenc\u00e9 il y 3 ans et qui est encore en train de se d\u00e9velopper : 3 mois avant son d\u00e9but, les exposants \u00e9trangers sont 30% de plus, par rapport \u00e0 la derni\u00e8re \u00e9dition. Le nombre d\u2019exposants venant des quatre coins du monde grandit, gr\u00e2ce \u00e0 la participation de nouveaux pays \u00e9mergents sur la sc\u00e8ne internationale. Entre autres : Angola, Ethiopie, Uganda, Guatemala, Nicaragua, Costa Rica et Uruguay ; ainsi que des d\u00e9l\u00e9gations venant du Mozambique, Zimbabwe, Zambie, Afrique du Sud, S\u00e9n\u00e9gal, Ghana et d\u2019autres. Ce tour d\u2019horizon r\u00e9v\u00e8le le r\u00f4le cl\u00e9 jou\u00e9 par l\u2019Afrique.<\/p>\n<p class=\"p4\">\u00ab \u00c0 l\u2019occasion de la derni\u00e8re \u00e9dition, pour r\u00e9pondre \u00e0 l\u2019appel de Kofi Annan, nous avions lanc\u00e9 le message selon lequel le secteur des fruits et l\u00e9gumes est la locomotive pour la croissance et le d\u00e9veloppement des \u00c9tats d\u2019Afrique. Ce message avait \u00e9t\u00e9 lanc\u00e9 en pr\u00e9sence de 18 repr\u00e9sentants de l\u2019Afrique sub-saharienne. Cet appel n\u2019est pas tomb\u00e9 dans l&#8217;oubli, comme le prouve la consid\u00e9rable pr\u00e9sence des pays africains et leur int\u00e9r\u00eat pour les relations commerciales avec l\u2019Europe \u00bb, explique Renzo Piraccini, Pr\u00e9sident de Macfrut. Un embl\u00e8me de ce tournant est le Soudan, qui en 2015 n\u2019\u00e9tait qu\u2019un simple visiteur, en 2016 \u00e9tait pr\u00e9sent avec un stand de producteur et pour 2017 participera avec 2 grands espaces d\u2019exposition.<\/p>\n","protected":false},"excerpt":{"rendered":"<p>Le salon International des fruits et l\u00e9gumes, Macfrut, continue \u00e0 se d\u00e9velopper et affiche une croissance de 30% pour les exposants venant de l\u2019\u00e9tranger, avec 40 pays et nombreuses nouveaut\u00e9s, dont notamment l\u2019Afrique. La 34\u00e8me \u00e9dition de cet \u00e9v\u00e8nement qui se tiendra \u00e0 Rimini du 10 au 12 mai prochains, sera plus grande, plus innovante &hellip;<\/p>\n","protected":false},"author":1,"featured_media":311,"comment_status":"open","ping_status":"closed","sticky":false,"template":"","format":"standard","meta":{"footnotes":""},"categories":[6,3],"tags":[],"class_list":["post-310","post","type-post","status-publish","format-standard","has-post-thumbnail","","category-a-la-une","category-actus-monde"],"aioseo_notices":[],"_links":{"self":[{"href":"https:\/\/www.foodmagazine.ma\/index.php?rest_route=\/wp\/v2\/posts\/310","targetHints":{"allow":["GET"]}}],"collection":[{"href":"https:\/\/www.foodmagazine.ma\/index.php?rest_route=\/wp\/v2\/posts"}],"about":[{"href":"https:\/\/www.foodmagazine.ma\/index.php?rest_route=\/wp\/v2\/types\/post"}],"author":[{"embeddable":true,"href":"https:\/\/www.foodmagazine.ma\/index.php?rest_route=\/wp\/v2\/users\/1"}],"replies":[{"embeddable":true,"href":"https:\/\/www.foodmagazine.ma\/index.php?rest_route=%2Fwp%2Fv2%2Fcomments&post=310"}],"version-history":[{"count":1,"href":"https:\/\/www.foodmagazine.ma\/index.php?rest_route=\/wp\/v2\/posts\/310\/revisions"}],"predecessor-version":[{"id":312,"href":"https:\/\/www.foodmagazine.ma\/index.php?rest_route=\/wp\/v2\/posts\/310\/revisions\/312"}],"wp:featuredmedia":[{"embeddable":true,"href":"https:\/\/www.foodmagazine.ma\/index.php?rest_route=\/wp\/v2\/media\/311"}],"wp:attachment":[{"href":"https:\/\/www.foodmagazine.ma\/index.php?rest_route=%2Fwp%2Fv2%2Fmedia&parent=310"}],"wp:term":[{"taxonomy":"category","embeddable":true,"href":"https:\/\/www.foodmagazine.ma\/index.php?rest_route=%2Fwp%2Fv2%2Fcategories&post=310"},{"taxonomy":"post_tag","embeddable":true,"href":"https:\/\/www.foodmagazine.ma\/index.php?rest_route=%2Fwp%2Fv2%2Ftags&post=310"}],"curies":[{"name":"wp","href":"https:\/\/api.w.org\/{rel}","templated":true}]}}