{"id":3137,"date":"2020-12-01T15:30:52","date_gmt":"2020-12-01T14:30:52","guid":{"rendered":"http:\/\/www.foodmagazine.ma\/?p=3137"},"modified":"2020-12-01T15:30:55","modified_gmt":"2020-12-01T14:30:55","slug":"credit-agricole-du-maroc-un-soutien-reaffirme-aux-federations-interprofessionnelles-de-lagriculture","status":"publish","type":"post","link":"https:\/\/www.foodmagazine.ma\/?p=3137","title":{"rendered":"Cr\u00e9dit Agricole du Maroc : un soutien r\u00e9affirm\u00e9 aux F\u00e9d\u00e9rations interprofessionnelles de l\u2019agriculture"},"content":{"rendered":"\n<figure class=\"wp-block-image size-large\"><img loading=\"lazy\" decoding=\"async\" width=\"1000\" height=\"667\" src=\"https:\/\/www.foodmagazine.ma\/wp-content\/uploads\/2020\/12\/Photo-Sie\u0300ge-CAM-1-1-1.jpg\" alt=\"\" class=\"wp-image-3138\" srcset=\"https:\/\/www.foodmagazine.ma\/wp-content\/uploads\/2020\/12\/Photo-Sie\u0300ge-CAM-1-1-1.jpg 1000w, https:\/\/www.foodmagazine.ma\/wp-content\/uploads\/2020\/12\/Photo-Sie\u0300ge-CAM-1-1-1-300x200.jpg 300w, https:\/\/www.foodmagazine.ma\/wp-content\/uploads\/2020\/12\/Photo-Sie\u0300ge-CAM-1-1-1-768x512.jpg 768w\" sizes=\"auto, (max-width: 1000px) 100vw, 1000px\" \/><\/figure>\n\n\n\n<p>Le 24 novembre, le Cr\u00e9dit Agricole du Maroc a tenu la premi\u00e8re r\u00e9union d\u2019un cycle de rencontres d\u2019\u00e9change et de partage avec les diff\u00e9rentes f\u00e9d\u00e9rations interprofessionnelles de l\u2019agriculture. L\u2019objectif de la banque est d\u2019\u00eatre ainsi \u00e0 l\u2019\u00e9coute des besoins des professionnels pour adapter adapter au mieux ses offres aux probl\u00e9matiques sp\u00e9cifiques \u00e0 chaque fili\u00e8re.<\/p>\n\n\n\n<p>Cette premi\u00e8re rencontre s\u2019est ainsi tenue avec Maroc Citrus, la F\u00e9d\u00e9ration Interprofessionnelle du Secteur des Agrumes. Pr\u00e9sid\u00e9e par Tariq Sijilmassi, Pr\u00e9sident du Directoire du Cr\u00e9dit Agricole du Maroc, Moulay M\u2019Hamed Loultiti, Pr\u00e9sident de Maroc Citrus, et Mohamed Alamouri, Pr\u00e9sident de la Comader (Conf\u00e9d\u00e9ration Marocaine de l\u2019Agriculture et du D\u00e9veloppement Rural), la r\u00e9union a connu la participation de plusieurs op\u00e9rateurs du secteur agrumicole national ainsi que de repr\u00e9sentants du Minist\u00e8re de l\u2019Agriculture, de la P\u00eache Maritime, du D\u00e9veloppement Rural et des Eaux et For\u00eats.<\/p>\n\n\n\n<p>Elle a permis de faire le point sur les diff\u00e9rents sujets relatifs \u00e0 la fili\u00e8re, ses sp\u00e9cificit\u00e9s, ses atouts et contraintes ainsi que le bilan des trois derni\u00e8res campagnes et a surtout \u00e9t\u00e9 l\u2019occasion de recenser les attentes des op\u00e9rateurs de la fili\u00e8re agrumicole en mati\u00e8re d\u2019accompagnement financier.<\/p>\n\n\n\n<p>Le CAM a r\u00e9affirm\u00e9, \u00e0 cette occasion, l\u2019importance de cette fili\u00e8re qui m\u00e9rite tout le soutien n\u00e9cessaire au vu de son impact \u00e9conomique et social \u00e0 l\u2019\u00e9chelle nationale et pour les r\u00e9gions du Souss, de l\u2019Oriental et du Centre en particulier.<\/p>\n\n\n\n<p>Les participants \u00e0 cette rencontre ont partag\u00e9 le constat de la bonne viabilit\u00e9 de cette fili\u00e8re, qui contribue aux chiffres de l\u2019export national. Dans le m\u00eame temps, il a \u00e9galement \u00e9t\u00e9 act\u00e9 qu\u2019un effort important de restructuration et d\u2019investissements doit \u00eatre r\u00e9alis\u00e9 pour maintenir et renforcer la qualit\u00e9 des produits et leur comp\u00e9titivit\u00e9. Ce plan sectoriel, qui est r\u00e9alis\u00e9 sous l\u2019\u00e9gide du Minist\u00e8re de l\u2019Agriculture, de la P\u00eache Maritime, du D\u00e9veloppement Rural et des Eaux et For\u00eats et en concertation avec les op\u00e9rateurs, recevra tout le soutien financier n\u00e9cessaire de la part du Cr\u00e9dit Agricole du Maroc.<\/p>\n\n\n\n<p>\u00c0 l\u2019issue de la rencontre, il a \u00e9t\u00e9 convenu de mettre en place un cadre institutionnel impliquant l\u2019ensemble des parties prenantes : MAPMDREF &#8211; Maroc Citrus \u2013 CAM &#8211; Comader afin de d\u00e9ployer des mesures de soutien sp\u00e9cifiques \u00e0 la fili\u00e8re des agrumes et un dispositif d\u2019accompagnement personnalis\u00e9 par op\u00e9rateur, au cas par cas.<\/p>\n\n\n\n<p>Les participants se sont f\u00e9licit\u00e9 des d\u00e9cisions prises qui sont de nature \u00e0 permettre \u00e0 la fili\u00e8re de jouer pleinement son r\u00f4le dans la nouvelle strat\u00e9gie G\u00e9n\u00e9ration Green 2020-2030 et, plus g\u00e9n\u00e9ralement, dans le d\u00e9veloppement du secteur agricole marocain.<\/p>\n","protected":false},"excerpt":{"rendered":"<p>Le 24 novembre, le Cr\u00e9dit Agricole du Maroc a tenu la premi\u00e8re r\u00e9union d\u2019un cycle de rencontres d\u2019\u00e9change et de partage avec les diff\u00e9rentes f\u00e9d\u00e9rations interprofessionnelles de l\u2019agriculture. L\u2019objectif de la banque est d\u2019\u00eatre ainsi \u00e0 l\u2019\u00e9coute des besoins des professionnels pour adapter adapter au mieux ses offres aux probl\u00e9matiques sp\u00e9cifiques \u00e0 chaque fili\u00e8re. Cette &hellip;<\/p>\n","protected":false},"author":1,"featured_media":3138,"comment_status":"open","ping_status":"closed","sticky":false,"template":"","format":"standard","meta":{"footnotes":""},"categories":[6,2],"tags":[],"class_list":["post-3137","post","type-post","status-publish","format-standard","has-post-thumbnail","","category-a-la-une","category-actus-maroc"],"aioseo_notices":[],"_links":{"self":[{"href":"https:\/\/www.foodmagazine.ma\/index.php?rest_route=\/wp\/v2\/posts\/3137","targetHints":{"allow":["GET"]}}],"collection":[{"href":"https:\/\/www.foodmagazine.ma\/index.php?rest_route=\/wp\/v2\/posts"}],"about":[{"href":"https:\/\/www.foodmagazine.ma\/index.php?rest_route=\/wp\/v2\/types\/post"}],"author":[{"embeddable":true,"href":"https:\/\/www.foodmagazine.ma\/index.php?rest_route=\/wp\/v2\/users\/1"}],"replies":[{"embeddable":true,"href":"https:\/\/www.foodmagazine.ma\/index.php?rest_route=%2Fwp%2Fv2%2Fcomments&post=3137"}],"version-history":[{"count":1,"href":"https:\/\/www.foodmagazine.ma\/index.php?rest_route=\/wp\/v2\/posts\/3137\/revisions"}],"predecessor-version":[{"id":3139,"href":"https:\/\/www.foodmagazine.ma\/index.php?rest_route=\/wp\/v2\/posts\/3137\/revisions\/3139"}],"wp:featuredmedia":[{"embeddable":true,"href":"https:\/\/www.foodmagazine.ma\/index.php?rest_route=\/wp\/v2\/media\/3138"}],"wp:attachment":[{"href":"https:\/\/www.foodmagazine.ma\/index.php?rest_route=%2Fwp%2Fv2%2Fmedia&parent=3137"}],"wp:term":[{"taxonomy":"category","embeddable":true,"href":"https:\/\/www.foodmagazine.ma\/index.php?rest_route=%2Fwp%2Fv2%2Fcategories&post=3137"},{"taxonomy":"post_tag","embeddable":true,"href":"https:\/\/www.foodmagazine.ma\/index.php?rest_route=%2Fwp%2Fv2%2Ftags&post=3137"}],"curies":[{"name":"wp","href":"https:\/\/api.w.org\/{rel}","templated":true}]}}