{"id":3198,"date":"2020-12-16T13:30:29","date_gmt":"2020-12-16T12:30:29","guid":{"rendered":"http:\/\/www.foodmagazine.ma\/?p=3198"},"modified":"2020-12-16T13:30:32","modified_gmt":"2020-12-16T12:30:32","slug":"peche-durable-2eme-session-de-la-commission-mixte-sur-laccord-de-partenariat-entre-le-maroc-et-lunion-europeenne","status":"publish","type":"post","link":"https:\/\/www.foodmagazine.ma\/?p=3198","title":{"rendered":"P\u00eache durable : 2\u00e8me session de la commission mixte sur l\u2019accord de partenariat entre le Maroc et l\u2019Union Europ\u00e9enne"},"content":{"rendered":"\n<figure class=\"wp-block-image size-large\"><img loading=\"lazy\" decoding=\"async\" width=\"1000\" height=\"625\" src=\"https:\/\/www.foodmagazine.ma\/wp-content\/uploads\/2020\/12\/maroc_ue1.jpg\" alt=\"\" class=\"wp-image-3199\" srcset=\"https:\/\/www.foodmagazine.ma\/wp-content\/uploads\/2020\/12\/maroc_ue1.jpg 1000w, https:\/\/www.foodmagazine.ma\/wp-content\/uploads\/2020\/12\/maroc_ue1-300x188.jpg 300w, https:\/\/www.foodmagazine.ma\/wp-content\/uploads\/2020\/12\/maroc_ue1-768x480.jpg 768w\" sizes=\"auto, (max-width: 1000px) 100vw, 1000px\" \/><\/figure>\n\n\n\n<p>Le Royaume du Maroc et l\u2019Union Europ\u00e9enne ont tenu la 2\u00e8me session de la commission mixte pr\u00e9vue par l\u2019accord de partenariat dans le domaine de la p\u00eache durable, les 8 et 9 d\u00e9cembre, en visioconf\u00e9rence. Les deux parties se sont f\u00e9licit\u00e9es de la qualit\u00e9 exemplaire de leur coop\u00e9ration dans le domaine de la p\u00eache maritime qui place la durabilit\u00e9 des ressources comme pr\u00e9alable de cette coop\u00e9ration. Ainsi, la mise en \u0153uvre de l\u2019accord de p\u00eache pendant la premi\u00e8re ann\u00e9e du protocole, dans un contexte difficile marqu\u00e9 par la pand\u00e9mie du Covid-19, a \u00e9t\u00e9 \u00e0 l\u2019ordre du jour de cette session.<\/p>\n\n\n\n<p>Il a \u00e9t\u00e9 not\u00e9 que malgr\u00e9 l\u2019impact n\u00e9gatif de la pand\u00e9mie sur plusieurs secteurs, celui de la p\u00eache maritime a continu\u00e9 \u00e0 contribuer \u00e0 assurer la s\u00e9curit\u00e9 alimentaire et s\u00e9curiser les emplois. Les navires europ\u00e9ens autoris\u00e9s ont continu\u00e9 \u00e0 op\u00e9rer conform\u00e9ment aux dispositions de l\u2019accord et de son protocole. Cependant, tout en jugeant satisfaisant le d\u00e9roulement de l\u2019activit\u00e9 de p\u00eache pendant cette premi\u00e8re ann\u00e9e, les deux parties ont examin\u00e9 les difficult\u00e9s observ\u00e9es lors de la mise en \u0153uvre des dispositions de l\u2019accord durant cette m\u00eame p\u00e9riode. La commission mixte s\u2019est attel\u00e9e \u00e0 y apporter les solutions et alternatives.<\/p>\n\n\n\n<p>La revue des r\u00e9sultats du comit\u00e9 scientifique conjoint a permis notamment d\u2019orienter la fixation des conditions de l\u2019exercice des activit\u00e9s de la p\u00eache au titre de l\u2019ann\u00e9e 2021. Les deux parties ont salu\u00e9 la mise en \u0153uvre des projets financ\u00e9s par l\u2019appui sectoriel au titre de la premi\u00e8re ann\u00e9e de l\u2019accord, qui permet d\u2019appeler 98,1% de la tranche ouverte au titre de la deuxi\u00e8me ann\u00e9e dudit accord, soit un montant d\u2019environ 18,4 M\u20ac.<\/p>\n\n\n\n<p>Enfin, les parties ont \u00e9galement examin\u00e9 et valid\u00e9 le rapport sur la r\u00e9partition g\u00e9ographique et sociale des tranches de l\u2019acc\u00e8s et des redevances de la m\u00eame ann\u00e9e.<\/p>\n","protected":false},"excerpt":{"rendered":"<p>Le Royaume du Maroc et l\u2019Union Europ\u00e9enne ont tenu la 2\u00e8me session de la commission mixte pr\u00e9vue par l\u2019accord de partenariat dans le domaine de la p\u00eache durable, les 8 et 9 d\u00e9cembre, en visioconf\u00e9rence. Les deux parties se sont f\u00e9licit\u00e9es de la qualit\u00e9 exemplaire de leur coop\u00e9ration dans le domaine de la p\u00eache maritime &hellip;<\/p>\n","protected":false},"author":1,"featured_media":3199,"comment_status":"open","ping_status":"closed","sticky":false,"template":"","format":"standard","meta":{"footnotes":""},"categories":[6,2],"tags":[],"class_list":["post-3198","post","type-post","status-publish","format-standard","has-post-thumbnail","","category-a-la-une","category-actus-maroc"],"aioseo_notices":[],"_links":{"self":[{"href":"https:\/\/www.foodmagazine.ma\/index.php?rest_route=\/wp\/v2\/posts\/3198","targetHints":{"allow":["GET"]}}],"collection":[{"href":"https:\/\/www.foodmagazine.ma\/index.php?rest_route=\/wp\/v2\/posts"}],"about":[{"href":"https:\/\/www.foodmagazine.ma\/index.php?rest_route=\/wp\/v2\/types\/post"}],"author":[{"embeddable":true,"href":"https:\/\/www.foodmagazine.ma\/index.php?rest_route=\/wp\/v2\/users\/1"}],"replies":[{"embeddable":true,"href":"https:\/\/www.foodmagazine.ma\/index.php?rest_route=%2Fwp%2Fv2%2Fcomments&post=3198"}],"version-history":[{"count":1,"href":"https:\/\/www.foodmagazine.ma\/index.php?rest_route=\/wp\/v2\/posts\/3198\/revisions"}],"predecessor-version":[{"id":3200,"href":"https:\/\/www.foodmagazine.ma\/index.php?rest_route=\/wp\/v2\/posts\/3198\/revisions\/3200"}],"wp:featuredmedia":[{"embeddable":true,"href":"https:\/\/www.foodmagazine.ma\/index.php?rest_route=\/wp\/v2\/media\/3199"}],"wp:attachment":[{"href":"https:\/\/www.foodmagazine.ma\/index.php?rest_route=%2Fwp%2Fv2%2Fmedia&parent=3198"}],"wp:term":[{"taxonomy":"category","embeddable":true,"href":"https:\/\/www.foodmagazine.ma\/index.php?rest_route=%2Fwp%2Fv2%2Fcategories&post=3198"},{"taxonomy":"post_tag","embeddable":true,"href":"https:\/\/www.foodmagazine.ma\/index.php?rest_route=%2Fwp%2Fv2%2Ftags&post=3198"}],"curies":[{"name":"wp","href":"https:\/\/api.w.org\/{rel}","templated":true}]}}