{"id":3211,"date":"2020-12-22T16:11:20","date_gmt":"2020-12-22T15:11:20","guid":{"rendered":"http:\/\/www.foodmagazine.ma\/?p=3211"},"modified":"2020-12-22T16:11:23","modified_gmt":"2020-12-22T15:11:23","slug":"le-point-sur-lepidemie-au-maroc-7-000-deces-au-14-decembre-2020","status":"publish","type":"post","link":"https:\/\/www.foodmagazine.ma\/?p=3211","title":{"rendered":"Le point sur l\u2019\u00e9pid\u00e9mie au Maroc :7.000 d\u00e9c\u00e8s au 14 d\u00e9cembre 2020"},"content":{"rendered":"\n<figure class=\"wp-block-image size-large\"><img loading=\"lazy\" decoding=\"async\" width=\"1000\" height=\"566\" src=\"https:\/\/www.foodmagazine.ma\/wp-content\/uploads\/2020\/12\/Evolution-cas-au-Maroc-4.jpg\" alt=\"\" class=\"wp-image-3213\" srcset=\"https:\/\/www.foodmagazine.ma\/wp-content\/uploads\/2020\/12\/Evolution-cas-au-Maroc-4.jpg 1000w, https:\/\/www.foodmagazine.ma\/wp-content\/uploads\/2020\/12\/Evolution-cas-au-Maroc-4-300x170.jpg 300w, https:\/\/www.foodmagazine.ma\/wp-content\/uploads\/2020\/12\/Evolution-cas-au-Maroc-4-768x435.jpg 768w\" sizes=\"auto, (max-width: 1000px) 100vw, 1000px\" \/><\/figure>\n\n\n\n<p>Le nombre total de cas de contamination s\u2019\u00e9l\u00e8ve d\u00e9sormais \u00e0 418.002, a annonc\u00e9 le Minist\u00e8re de la Sant\u00e9 hier \u00e0 18h. Alors que la propagation du Covid-19 continue de ralentir au Maroc, 43 nouveaux d\u00e9c\u00e8s sont \u00e0 d\u00e9plorer sur les derni\u00e8res 24 heures, portant le total \u00e0 7.000 personnes. En moyenne, 2.454 nouveaux cas ont \u00e9t\u00e9 enregistr\u00e9s chaque jour lors de la semaine qui vient de s\u2019\u00e9couler, soit 352 cas quotidiens de moins que la semaine pr\u00e9c\u00e9dente. Sur les derni\u00e8res 24 heures, seuls 877 nouveaux cas ont \u00e9t\u00e9 recens\u00e9s (mais \u00e0 mettre en perspective avec un faible nombre de tests r\u00e9alis\u00e9s).<\/p>\n\n\n\n<p>Quant au cumul de cas gu\u00e9ris, il s\u2019\u00e9l\u00e8ve \u00e0 380.134 avec 1.980 nouvelles gu\u00e9risons, soit un taux de gu\u00e9rison en hausse, \u00e0 90,9%. Le nombre de cas actifs est donc de 30.868. Le nombre des cas exclus suite \u00e0 un r\u00e9sultat n\u00e9gatif d\u2019analyses effectu\u00e9es au laboratoire est de 3.890.125.<\/p>\n\n\n\n<p>Le nombre total de cas s\u00e9v\u00e8res ou critiques est cependant \u00e0 la hausse, atteignant 1.069, dont 88 sous intubation. Le taux d&#8217;occupation des lits de r\u00e9animation d\u00e9di\u00e9s au Covid n&#8217;a pas \u00e9t\u00e9 communiqu\u00e9.<\/p>\n\n\n\n<p>Par rapport \u00e0 la r\u00e9partition des cas test\u00e9s positifs : la r\u00e9gion de Casablanca-Settat repr\u00e9sente 39,34% des cas, devant Rabat Sal\u00e9 Kenitra (15,19%), Tanger T\u00e9touan Al Hoceima (8,41%), Marrakech Safi (8,09%), Souss-Massa (7,16%), l\u2019Oriental (6,45%), F\u00e8s-Mekn\u00e8s (4,39%), Beni Mellal-Kh\u00e9nifra (3,67%), Dr\u00e2a-Tafilalet (3,38%), La\u00e2youne-Sakia El Hamra (1,53%), Guelmim Oued Noun (1,42%) et Dakhla-Oued Ed Dahab (0,95%).<\/p>\n\n\n\n<p>Le Minist\u00e8re invite les citoyens \u00e0 respecter les r\u00e8gles d\u2019hygi\u00e8ne et de s\u00e9curit\u00e9 sanitaire, ainsi que les mesures pr\u00e9ventives prises par les autorit\u00e9s marocaines en faisant preuve de responsabilit\u00e9 et de patriotisme.<\/p>\n\n\n\n<figure class=\"wp-block-image size-large\"><img loading=\"lazy\" decoding=\"async\" width=\"1000\" height=\"542\" src=\"https:\/\/www.foodmagazine.ma\/wp-content\/uploads\/2020\/12\/Evolution-cas-au-Maroc-2-3.jpg\" alt=\"\" class=\"wp-image-3212\" srcset=\"https:\/\/www.foodmagazine.ma\/wp-content\/uploads\/2020\/12\/Evolution-cas-au-Maroc-2-3.jpg 1000w, https:\/\/www.foodmagazine.ma\/wp-content\/uploads\/2020\/12\/Evolution-cas-au-Maroc-2-3-300x163.jpg 300w, https:\/\/www.foodmagazine.ma\/wp-content\/uploads\/2020\/12\/Evolution-cas-au-Maroc-2-3-768x416.jpg 768w\" sizes=\"auto, (max-width: 1000px) 100vw, 1000px\" \/><\/figure>\n\n\n\n<p><strong>Liens utiles<\/strong><\/p>\n\n\n\n<p><a href=\"http:\/\/covidmaroc.ma\/\" target=\"_blank\" rel=\"noopener noreferrer\">http:\/\/covidmaroc.ma\/<\/a> pour suivre au jour le jour l\u2019\u00e9volution du nombre de cas et les conseils du Minist\u00e8re de la Sant\u00e9<\/p>\n\n\n\n<p><a href=\"https:\/\/www.finances.gov.ma\/fr\/Nos-metiers\/Pages\/news-dispositions-cve.aspx\" target=\"_blank\" rel=\"noopener noreferrer\">https:\/\/www.finances.gov.ma\/fr\/Nos-metiers\/Pages\/news-dispositions-cve.aspx<\/a> : mesures prises par le Comit\u00e9 de Veille \u00c9conomique et le Minist\u00e8re de l\u2019\u00c9conomie et des Finances <\/p>\n\n\n\n<p>Les centres hospitaliers pour effectuer les tests du covid-19\u202f:&nbsp; <br><a rel=\"noopener noreferrer\" href=\"http:\/\/www.covidmaroc.ma\/Documents\/2020\/%D9%85%D8%B1%D8%A7%D9%83%D8%B2%20%D8%A7%D9%84%D9%81%D8%AD%D9%88%D8%B5%D8%A7%D8%AA.pdf\" target=\"&quot;_blank\">http:\/\/www.covidmaroc.ma\/Documents\/2020\/%D9%85%D8%B1%D8%A7%D9%83%D8%B2%20%D8%A7%D9%84%D9%81%D8%AD%D9%88%D8%B5%D8%A7%D8%AA.pdf<\/a><\/p>\n\n\n\n<p>La rubrique&nbsp;\u00ab&nbsp;Covid-19&nbsp;:&nbsp;Mesures prises par le Comit\u00e9&nbsp;de Veille Economique et par le&nbsp;Minist\u00e8re&nbsp;de l\u2019Economie et de la R\u00e9forme de l\u2019Administration&nbsp;\u00bb&nbsp;:&nbsp;<a rel=\"noreferrer noopener\" href=\"https:\/\/www.finances.gov.ma\/fr\/Nos-metiers\/Pages\/news-dispositions-cve.aspx\" target=\"_blank\" class=\"aioseop-link\">https:\/\/www.finances.gov.ma\/fr\/Nos-metiers\/Pages\/news-dispositions-cve.aspx<\/a><\/p>\n\n\n\n<p>La norme marocaine NM ST 21.5.200 sur la fabrication des masques de protection en tissu non tiss\u00e9 : <a href=\"https:\/\/www.imanor.gov.ma\/wp-content\/uploads\/2020\/04\/NM-ST-21.5.201-1.pdf\" target=\"_blank\" aria-label=\"https:\/\/www.imanor.gov.ma\/wp-content\/uploads\/2020\/04\/NM-ST-21.5.201-1.pdf (opens in a new tab)\" rel=\"noreferrer noopener\" class=\"aioseop-link\">https:\/\/www.imanor.gov.ma\/wp-content\/uploads\/2020\/04\/NM-ST-21.5.201-1.pdf<\/a><\/p>\n","protected":false},"excerpt":{"rendered":"<p>Le nombre total de cas de contamination s\u2019\u00e9l\u00e8ve d\u00e9sormais \u00e0 418.002, a annonc\u00e9 le Minist\u00e8re de la Sant\u00e9 hier \u00e0 18h. Alors que la propagation du Covid-19 continue de ralentir au Maroc, 43 nouveaux d\u00e9c\u00e8s sont \u00e0 d\u00e9plorer sur les derni\u00e8res 24 heures, portant le total \u00e0 7.000 personnes. En moyenne, 2.454 nouveaux cas ont &hellip;<\/p>\n","protected":false},"author":1,"featured_media":3213,"comment_status":"open","ping_status":"closed","sticky":false,"template":"","format":"standard","meta":{"footnotes":""},"categories":[6,2],"tags":[],"class_list":["post-3211","post","type-post","status-publish","format-standard","has-post-thumbnail","","category-a-la-une","category-actus-maroc"],"aioseo_notices":[],"_links":{"self":[{"href":"https:\/\/www.foodmagazine.ma\/index.php?rest_route=\/wp\/v2\/posts\/3211","targetHints":{"allow":["GET"]}}],"collection":[{"href":"https:\/\/www.foodmagazine.ma\/index.php?rest_route=\/wp\/v2\/posts"}],"about":[{"href":"https:\/\/www.foodmagazine.ma\/index.php?rest_route=\/wp\/v2\/types\/post"}],"author":[{"embeddable":true,"href":"https:\/\/www.foodmagazine.ma\/index.php?rest_route=\/wp\/v2\/users\/1"}],"replies":[{"embeddable":true,"href":"https:\/\/www.foodmagazine.ma\/index.php?rest_route=%2Fwp%2Fv2%2Fcomments&post=3211"}],"version-history":[{"count":1,"href":"https:\/\/www.foodmagazine.ma\/index.php?rest_route=\/wp\/v2\/posts\/3211\/revisions"}],"predecessor-version":[{"id":3214,"href":"https:\/\/www.foodmagazine.ma\/index.php?rest_route=\/wp\/v2\/posts\/3211\/revisions\/3214"}],"wp:featuredmedia":[{"embeddable":true,"href":"https:\/\/www.foodmagazine.ma\/index.php?rest_route=\/wp\/v2\/media\/3213"}],"wp:attachment":[{"href":"https:\/\/www.foodmagazine.ma\/index.php?rest_route=%2Fwp%2Fv2%2Fmedia&parent=3211"}],"wp:term":[{"taxonomy":"category","embeddable":true,"href":"https:\/\/www.foodmagazine.ma\/index.php?rest_route=%2Fwp%2Fv2%2Fcategories&post=3211"},{"taxonomy":"post_tag","embeddable":true,"href":"https:\/\/www.foodmagazine.ma\/index.php?rest_route=%2Fwp%2Fv2%2Ftags&post=3211"}],"curies":[{"name":"wp","href":"https:\/\/api.w.org\/{rel}","templated":true}]}}