{"id":3215,"date":"2020-12-22T16:12:53","date_gmt":"2020-12-22T15:12:53","guid":{"rendered":"http:\/\/www.foodmagazine.ma\/?p=3215"},"modified":"2020-12-22T17:11:19","modified_gmt":"2020-12-22T16:11:19","slug":"relations-commerciales-maroc-allemagne-cooperation-entre-la-cgem-et-ahk","status":"publish","type":"post","link":"https:\/\/www.foodmagazine.ma\/?p=3215","title":{"rendered":"Relations commerciales Maroc\/Allemagne : coop\u00e9ration entre la CGEM et AHK"},"content":{"rendered":"\n<figure class=\"wp-block-image size-large\"><img loading=\"lazy\" decoding=\"async\" width=\"1000\" height=\"610\" src=\"https:\/\/www.foodmagazine.ma\/wp-content\/uploads\/2020\/12\/Epc7qoCW4AEfrTz.jpg\" alt=\"\" class=\"wp-image-3216\" srcset=\"https:\/\/www.foodmagazine.ma\/wp-content\/uploads\/2020\/12\/Epc7qoCW4AEfrTz.jpg 1000w, https:\/\/www.foodmagazine.ma\/wp-content\/uploads\/2020\/12\/Epc7qoCW4AEfrTz-300x183.jpg 300w, https:\/\/www.foodmagazine.ma\/wp-content\/uploads\/2020\/12\/Epc7qoCW4AEfrTz-768x468.jpg 768w\" sizes=\"auto, (max-width: 1000px) 100vw, 1000px\" \/><\/figure>\n\n\n\n<p>Le 17 d\u00e9cembre, Chakib Alj, Pr\u00e9sident de la Conf\u00e9d\u00e9ration G\u00e9n\u00e9rale des Entreprises du Maroc (CGEM), Mazen Sowan, Pr\u00e9sident de la Chambre Allemande de Commerce et d\u2019Industrie au Maroc (AHK) et Mohamed Amal Guedira, Pr\u00e9sident du Conseil d\u2019affaires Maroc-Allemagne, ont proc\u00e9d\u00e9 \u00e0 la signature d\u2019une convention de coop\u00e9ration en vue de consolider les relations commerciales bilat\u00e9rales entre le Maroc et l\u2019Allemagne et de renforcer les liens \u00e9conomico-diplomatiques, en coh\u00e9rence avec les initiatives gouvernementales r\u00e9centes.<\/p>\n\n\n\n<p>La convention sign\u00e9e s\u2019articule autour des axes strat\u00e9giques suivants :<\/p>\n\n\n\n<ul class=\"wp-block-list\"><li>Le partage d\u2019informations sur les questions d&#8217;ordre \u00e9conomique, commercial et financier ;<\/li><\/ul>\n\n\n\n<ul class=\"wp-block-list\"><li>Le partage d\u2019informations pouvant faciliter les \u00e9changes de marchandises et les flux d\u2019investissements entre le Maroc et l\u2019Allemagne\u00a0 ;<\/li><\/ul>\n\n\n\n<ul class=\"wp-block-list\"><li>La d\u00e9finition d\u2019approches communes dans tous les secteurs de l&#8217;\u00e9conomie et sur des sujets pertinents tels que : le d\u00e9veloppement durable et les \u00e9nergies renouvelables, la recherche et le d\u00e9veloppement, le financement des entreprises et la coop\u00e9ration dans la formation ;<\/li><\/ul>\n\n\n\n<ul class=\"wp-block-list\"><li>La mise en place de projets communs pouvant contribuer au partage des exp\u00e9riences et \u00e0 la formation des membres des deux institutions en mati\u00e8re d\u2019entrepreneuriat, de nouvelles technologies et d\u2019accompagnement \u00e0 la croissance.<\/li><\/ul>\n\n\n\n<ul class=\"wp-block-list\"><li>La repr\u00e9sentation des deux institutions \u00e0 l&#8217;occasion des rencontres de haut niveau, particuli\u00e8rement lors des salons, forums et rencontres \u00e9conomiques ;<\/li><\/ul>\n\n\n\n<ul class=\"wp-block-list\"><li>La promotion et l\u2019accompagnement des entreprises allemandes int\u00e9ress\u00e9es par le march\u00e9 marocain et africain ainsi que des entreprises marocaines int\u00e9ress\u00e9es par le march\u00e9 allemand ;<\/li><\/ul>\n\n\n\n<ul class=\"wp-block-list\"><li>Le renforcement de la coop\u00e9ration des op\u00e9rateurs \u00e9conomiques dans la recherche de partenaires.<\/li><\/ul>\n\n\n\n<p>Cette signature intervient alors que les \u00e9changes entre les deux pays prennent une ampleur croissante. Ainsi, en 2019, l&#8217;Allemagne a import\u00e9 du Maroc 1,41 milliards d&#8217;euros de marchandises, soit une augmentation de 13,9% par rapport \u00e0 2018. Dans l\u2019autre sens, l&#8217;Allemagne a export\u00e9 pour 2,19 milliards d&#8217;euros de marchandises au Maroc en 2019, soit une augmentation de 7,9% par rapport \u00e0 l\u2019ann\u00e9e pr\u00e9c\u00e9dente. De ce fait, la R\u00e9publique f\u00e9d\u00e9rale d\u2019Allemagne se classe \u00e0 l\u2019heure actuelle au 5\u00e8me rang des principaux fournisseurs du Royaume.<\/p>\n","protected":false},"excerpt":{"rendered":"<p>Le 17 d\u00e9cembre, Chakib Alj, Pr\u00e9sident de la Conf\u00e9d\u00e9ration G\u00e9n\u00e9rale des Entreprises du Maroc (CGEM), Mazen Sowan, Pr\u00e9sident de la Chambre Allemande de Commerce et d\u2019Industrie au Maroc (AHK) et Mohamed Amal Guedira, Pr\u00e9sident du Conseil d\u2019affaires Maroc-Allemagne, ont proc\u00e9d\u00e9 \u00e0 la signature d\u2019une convention de coop\u00e9ration en vue de consolider les relations commerciales bilat\u00e9rales &hellip;<\/p>\n","protected":false},"author":1,"featured_media":3216,"comment_status":"open","ping_status":"closed","sticky":false,"template":"","format":"standard","meta":{"footnotes":""},"categories":[6,2],"tags":[],"class_list":["post-3215","post","type-post","status-publish","format-standard","has-post-thumbnail","","category-a-la-une","category-actus-maroc"],"aioseo_notices":[],"_links":{"self":[{"href":"https:\/\/www.foodmagazine.ma\/index.php?rest_route=\/wp\/v2\/posts\/3215","targetHints":{"allow":["GET"]}}],"collection":[{"href":"https:\/\/www.foodmagazine.ma\/index.php?rest_route=\/wp\/v2\/posts"}],"about":[{"href":"https:\/\/www.foodmagazine.ma\/index.php?rest_route=\/wp\/v2\/types\/post"}],"author":[{"embeddable":true,"href":"https:\/\/www.foodmagazine.ma\/index.php?rest_route=\/wp\/v2\/users\/1"}],"replies":[{"embeddable":true,"href":"https:\/\/www.foodmagazine.ma\/index.php?rest_route=%2Fwp%2Fv2%2Fcomments&post=3215"}],"version-history":[{"count":2,"href":"https:\/\/www.foodmagazine.ma\/index.php?rest_route=\/wp\/v2\/posts\/3215\/revisions"}],"predecessor-version":[{"id":3233,"href":"https:\/\/www.foodmagazine.ma\/index.php?rest_route=\/wp\/v2\/posts\/3215\/revisions\/3233"}],"wp:featuredmedia":[{"embeddable":true,"href":"https:\/\/www.foodmagazine.ma\/index.php?rest_route=\/wp\/v2\/media\/3216"}],"wp:attachment":[{"href":"https:\/\/www.foodmagazine.ma\/index.php?rest_route=%2Fwp%2Fv2%2Fmedia&parent=3215"}],"wp:term":[{"taxonomy":"category","embeddable":true,"href":"https:\/\/www.foodmagazine.ma\/index.php?rest_route=%2Fwp%2Fv2%2Fcategories&post=3215"},{"taxonomy":"post_tag","embeddable":true,"href":"https:\/\/www.foodmagazine.ma\/index.php?rest_route=%2Fwp%2Fv2%2Ftags&post=3215"}],"curies":[{"name":"wp","href":"https:\/\/api.w.org\/{rel}","templated":true}]}}