{"id":3227,"date":"2020-12-22T16:19:37","date_gmt":"2020-12-22T15:19:37","guid":{"rendered":"http:\/\/www.foodmagazine.ma\/?p=3227"},"modified":"2020-12-22T16:19:41","modified_gmt":"2020-12-22T15:19:41","slug":"entreprenariat-des-jeunes-agriculteurs-le-credit-agricole-du-maroc-affirme-son-soutien","status":"publish","type":"post","link":"https:\/\/www.foodmagazine.ma\/?p=3227","title":{"rendered":"Entreprenariat des jeunes agriculteurs : le Cr\u00e9dit Agricole du Maroc affirme son soutien"},"content":{"rendered":"\n<figure class=\"wp-block-image size-large\"><img loading=\"lazy\" decoding=\"async\" width=\"1000\" height=\"601\" src=\"https:\/\/www.foodmagazine.ma\/wp-content\/uploads\/2020\/12\/Webinaire-CAM-COMADER-.jpg\" alt=\"\" class=\"wp-image-3228\" srcset=\"https:\/\/www.foodmagazine.ma\/wp-content\/uploads\/2020\/12\/Webinaire-CAM-COMADER-.jpg 1000w, https:\/\/www.foodmagazine.ma\/wp-content\/uploads\/2020\/12\/Webinaire-CAM-COMADER--300x180.jpg 300w, https:\/\/www.foodmagazine.ma\/wp-content\/uploads\/2020\/12\/Webinaire-CAM-COMADER--768x462.jpg 768w\" sizes=\"auto, (max-width: 1000px) 100vw, 1000px\" \/><\/figure>\n\n\n\n<p>Le 15 d\u00e9cembre, le Cr\u00e9dit Agricole du Maroc (CAM) a poursuivi son cycle de rencontres avec les F\u00e9d\u00e9rations interprofessionnelles en organisant un webinaire autour de la th\u00e9matique de l\u2019entreprenariat des jeunes dans le domaine agricole et le milieu rural.<\/p>\n\n\n\n<p>Tenu sous la pr\u00e9sidence de Tariq Sijilmassi, Pr\u00e9sident du Directoire du Cr\u00e9dit Agricole du Maroc, et Mohamed Alamouri, Pr\u00e9sident de la COMADER (Conf\u00e9d\u00e9ration marocaine de l&#8217;Agriculture et du d\u00e9veloppement rural), ce webinaire a r\u00e9uni la COMADER, des repr\u00e9sentants du Minist\u00e8re de l\u2019Agriculture, de la P\u00eache Maritime, du d\u00e9veloppement Rural et des Eaux et For\u00eats (MAPMDREF) et le Directeur G\u00e9n\u00e9ral de l\u2019Agence pour le D\u00e9veloppement Agricole (ADA) ainsi que l\u2019ensemble des pr\u00e9sidents des f\u00e9d\u00e9rations interprofessionnelles de l\u2019agriculture : FIVIAR , INTERPROBERRIES MAROC, FNIS, FISA, FIMASUCRE , INTERPROLIVE , MAROC LAIT, MAROC-CITRUS, FIAC , FOLEA , FEDAM, FIFEL, FIFARGANE, FIMAROSE, FIMASAFRAN , FIMADATTES, FIMAP, FNIR, FIMABIO.<\/p>\n\n\n\n<p>Les participants ont ainsi discut\u00e9 des moyens \u00e0 mettre conjointement en \u0153uvre pour apporter une contribution significative \u00e0 la question de l\u2019employabilit\u00e9 des jeunes dans le secteur agricole, la promotion de l\u2019entrepreneuriat dans le monde rural et la cr\u00e9ation d\u2019emplois et ce en vue de participer au d\u00e9veloppement d\u2019un environnement incitatif propice \u00e0 l\u2019\u00e9mergence d\u2019une classe moyenne agricole et rurale.<\/p>\n\n\n\n<p>Le webinaire a \u00e9t\u00e9 l\u2019occasion de revenir sur les grandes lignes de la nouvelle strat\u00e9gie G\u00e9n\u00e9ration Green 2020-2030, notamment son volet relatif \u00e0 l\u2019\u00e9l\u00e9ment humain et \u00e0 la classe moyenne rurale, et de pr\u00e9senter le dispositif du CAM au profit des jeunes porteurs de projets dans le milieu rural et son offre d\u2019accompagnement de G\u00e9n\u00e9ration Green \u00e0 destination de cette cible.<\/p>\n\n\n\n<p>Plusieurs corollaires au sujet, de nature \u00e0 encourager l\u2019entreprenariat des jeunes, ont \u00e9t\u00e9 mis en exergue notamment la probl\u00e9matique de la transmission interg\u00e9n\u00e9rationnelle des exploitations agricoles, le d\u00e9veloppement des entreprises de services \u00e0 l\u2019agriculture tant au niveau de l\u2019amont que de l\u2019aval et l\u2019utilisation du digital pour servir au mieux le secteur agricole via les e-services et le e-learning.<\/p>\n\n\n\n<p>Les intervenants ont lou\u00e9 les efforts continus du CAM pour la promotion et l\u2019encouragement, non seulement des jeunes mais aussi de la femme rurale \u00e0 travers, particuli\u00e8rement l\u2019accompagnement des coop\u00e9ratives marocaines. Ils ont soulign\u00e9 la n\u00e9cessit\u00e9 pour les interprofessions de jouer pleinement leur r\u00f4le dans l\u2019accompagnement des jeunes et leur int\u00e9gration dans les cha\u00eenes de valeur des diff\u00e9rentes fili\u00e8res \u00e0 travers, entre autres, la mise en \u0153uvre de programmes de mentoring et ce pour faciliter le d\u00e9ploiement op\u00e9rationnel des dispositifs d\u2019accompagnement du MAPMDREF et du CAM.<\/p>\n\n\n\n<p>Dans ce contexte, l&#8217;accent a \u00e9t\u00e9 mis \u00e9galement sur l&#8217;op\u00e9ration de Melkisation des terres collectives qui ouvrira un champ potentiel \u00e9norme pour les jeunes.<\/p>\n\n\n\n<p>Ils se sont \u00e9galement accord\u00e9s \u00e0 dire qu\u2019il fallait \u00e9tablir des cartographies r\u00e9gionales d\u00e9taill\u00e9es et des listes des m\u00e9tiers porteurs et secteurs les plus opportuns par r\u00e9gion afin d\u2019orienter les jeunes vers des investissements viables et p\u00e9rennes tout en \u0153uvrant pour le d\u00e9veloppement d\u2019un climat d\u2019affaires propice, notamment au niveau de la commercialisation. En effet, plusieurs fili\u00e8res s\u2019av\u00e8rent pouvoir \u00eatre fortement inclusives pour les jeunes et contribuer grandement \u00e0 la naissance de la classe moyenne rurale \u00e0 l\u2019instar de l\u2019arganier, de la fili\u00e8re apicole, de la fili\u00e8re bio\u2026 Plusieurs id\u00e9es novatrices ont \u00e9galement \u00e9t\u00e9 propos\u00e9es telles que la cr\u00e9ation d\u2019oasis pilotes alliant cultures de dattes et produits bio au tourisme rural.<\/p>\n\n\n\n<p>D&#8217;une mani\u00e8re g\u00e9n\u00e9rale les participants ont insist\u00e9 sur la priorit\u00e9 qui doit \u00eatre donn\u00e9e \u00e0 la production nationale. Ils ont mis en garde contre les importations subventionn\u00e9es, qui viennent d\u00e9truire de la valeur au niveau des fili\u00e8res agricoles marocaines. \u00c0 ce titre, ils ont pr\u00e9conis\u00e9 une politique s\u00e9lective permettant d&#8217;assurer la s\u00e9curit\u00e9 alimentaire, qui n&#8217;est pas synonyme d&#8217;autosuffisance de la production.<\/p>\n\n\n\n<p>Sur le volet des exportations, plusieurs repr\u00e9sentants des fili\u00e8res ont insist\u00e9 sur la n\u00e9cessit\u00e9 d&#8217;un soutien, logistique et financier pour \u00e9largir les march\u00e9s cibles notamment en Afrique.<\/p>\n\n\n\n<p>Enfin, \u00e0 l\u2019issue de la rencontre, il a \u00e9t\u00e9 d\u00e9cid\u00e9 de mettre en place un protocole de coop\u00e9ration CAM-COMADER, transverse \u00e0 l\u2019ensemble des fili\u00e8res agricoles et portant sur la mise en \u0153uvre d\u2019un accompagnement sp\u00e9cifique pour les jeunes entrepreneurs agricoles.<\/p>\n\n\n\n<p>Il a \u00e9galement \u00e9t\u00e9 d\u00e9cid\u00e9 de cr\u00e9er une cellule sp\u00e9ciale pour le traitement des \u00e9ventuelles r\u00e9clamations entrant dans le cadre du programme Al Moustatmir Al Qaraoui et donnant la main aux interprofessions pour faire la revue des dossiers concern\u00e9s (moins de 10%), sachant que 90% des dossiers AMAQ re\u00e7us par la Banque sont trait\u00e9s et aboutissent au financement n\u00e9cessaire dans les meilleurs d\u00e9lais.<\/p>\n","protected":false},"excerpt":{"rendered":"<p>Le 15 d\u00e9cembre, le Cr\u00e9dit Agricole du Maroc (CAM) a poursuivi son cycle de rencontres avec les F\u00e9d\u00e9rations interprofessionnelles en organisant un webinaire autour de la th\u00e9matique de l\u2019entreprenariat des jeunes dans le domaine agricole et le milieu rural. Tenu sous la pr\u00e9sidence de Tariq Sijilmassi, Pr\u00e9sident du Directoire du Cr\u00e9dit Agricole du Maroc, et &hellip;<\/p>\n","protected":false},"author":1,"featured_media":3228,"comment_status":"open","ping_status":"closed","sticky":false,"template":"","format":"standard","meta":{"footnotes":""},"categories":[6,2],"tags":[],"class_list":["post-3227","post","type-post","status-publish","format-standard","has-post-thumbnail","","category-a-la-une","category-actus-maroc"],"aioseo_notices":[],"_links":{"self":[{"href":"https:\/\/www.foodmagazine.ma\/index.php?rest_route=\/wp\/v2\/posts\/3227","targetHints":{"allow":["GET"]}}],"collection":[{"href":"https:\/\/www.foodmagazine.ma\/index.php?rest_route=\/wp\/v2\/posts"}],"about":[{"href":"https:\/\/www.foodmagazine.ma\/index.php?rest_route=\/wp\/v2\/types\/post"}],"author":[{"embeddable":true,"href":"https:\/\/www.foodmagazine.ma\/index.php?rest_route=\/wp\/v2\/users\/1"}],"replies":[{"embeddable":true,"href":"https:\/\/www.foodmagazine.ma\/index.php?rest_route=%2Fwp%2Fv2%2Fcomments&post=3227"}],"version-history":[{"count":1,"href":"https:\/\/www.foodmagazine.ma\/index.php?rest_route=\/wp\/v2\/posts\/3227\/revisions"}],"predecessor-version":[{"id":3229,"href":"https:\/\/www.foodmagazine.ma\/index.php?rest_route=\/wp\/v2\/posts\/3227\/revisions\/3229"}],"wp:featuredmedia":[{"embeddable":true,"href":"https:\/\/www.foodmagazine.ma\/index.php?rest_route=\/wp\/v2\/media\/3228"}],"wp:attachment":[{"href":"https:\/\/www.foodmagazine.ma\/index.php?rest_route=%2Fwp%2Fv2%2Fmedia&parent=3227"}],"wp:term":[{"taxonomy":"category","embeddable":true,"href":"https:\/\/www.foodmagazine.ma\/index.php?rest_route=%2Fwp%2Fv2%2Fcategories&post=3227"},{"taxonomy":"post_tag","embeddable":true,"href":"https:\/\/www.foodmagazine.ma\/index.php?rest_route=%2Fwp%2Fv2%2Ftags&post=3227"}],"curies":[{"name":"wp","href":"https:\/\/api.w.org\/{rel}","templated":true}]}}