{"id":3294,"date":"2021-01-12T11:02:58","date_gmt":"2021-01-12T10:02:58","guid":{"rendered":"http:\/\/www.foodmagazine.ma\/?p=3294"},"modified":"2021-01-12T11:03:01","modified_gmt":"2021-01-12T10:03:01","slug":"ministere-de-lagriculture-cap-sur-les-reseaux-sociaux","status":"publish","type":"post","link":"https:\/\/www.foodmagazine.ma\/?p=3294","title":{"rendered":"Minist\u00e8re de l\u2019Agriculture : cap sur les r\u00e9seaux sociaux"},"content":{"rendered":"\n<figure class=\"wp-block-image size-large\"><img loading=\"lazy\" decoding=\"async\" width=\"940\" height=\"352\" src=\"https:\/\/www.foodmagazine.ma\/wp-content\/uploads\/2021\/01\/137506734_306697587720194_642762074083782350_n.jpg\" alt=\"\" class=\"wp-image-3295\" srcset=\"https:\/\/www.foodmagazine.ma\/wp-content\/uploads\/2021\/01\/137506734_306697587720194_642762074083782350_n.jpg 940w, https:\/\/www.foodmagazine.ma\/wp-content\/uploads\/2021\/01\/137506734_306697587720194_642762074083782350_n-300x112.jpg 300w, https:\/\/www.foodmagazine.ma\/wp-content\/uploads\/2021\/01\/137506734_306697587720194_642762074083782350_n-768x288.jpg 768w\" sizes=\"auto, (max-width: 940px) 100vw, 940px\" \/><\/figure>\n\n\n\n<p>Une meilleure proximit\u00e9 avec les citoyens et avec toutes les personnes int\u00e9ress\u00e9es par le d\u00e9veloppement du secteur agricole : telle est la mission que s\u2019est donn\u00e9 le Minist\u00e8re de l\u2019agriculture, de la p\u00eache maritime, du d\u00e9veloppement rural et des eaux et for\u00eats en cr\u00e9ant ses pages officielles sur Facebook et Instagram.<\/p>\n\n\n\n<p>Baptis\u00e9s \u00ab Agriculture au Maroc \u00bb, les pages officielles viendront informer de toutes les actualit\u00e9s du secteur agricole au Maroc, chiffres cl\u00e9s et r\u00e9alisations, projets et activit\u00e9s du Minist\u00e8re, avec une moyenne de trois publications par semaine pr\u00e9sent\u00e9es sous forme de posts statiques, photos, vid\u00e9os, illustrations et animations en motion design.<\/p>\n\n\n\n<p>En outre, le Minist\u00e8re va continuer son expansion sur le secteur du digital en programmant pour les jours qui viennent le lancement de deux autres pages officielles : l\u2019une sur Twitter et l\u2019autre sur Youtube.<\/p>\n","protected":false},"excerpt":{"rendered":"<p>Une meilleure proximit\u00e9 avec les citoyens et avec toutes les personnes int\u00e9ress\u00e9es par le d\u00e9veloppement du secteur agricole : telle est la mission que s\u2019est donn\u00e9 le Minist\u00e8re de l\u2019agriculture, de la p\u00eache maritime, du d\u00e9veloppement rural et des eaux et for\u00eats en cr\u00e9ant ses pages officielles sur Facebook et Instagram. Baptis\u00e9s \u00ab Agriculture au &hellip;<\/p>\n","protected":false},"author":1,"featured_media":3295,"comment_status":"open","ping_status":"closed","sticky":false,"template":"","format":"standard","meta":{"footnotes":""},"categories":[6,2],"tags":[],"class_list":["post-3294","post","type-post","status-publish","format-standard","has-post-thumbnail","","category-a-la-une","category-actus-maroc"],"aioseo_notices":[],"_links":{"self":[{"href":"https:\/\/www.foodmagazine.ma\/index.php?rest_route=\/wp\/v2\/posts\/3294","targetHints":{"allow":["GET"]}}],"collection":[{"href":"https:\/\/www.foodmagazine.ma\/index.php?rest_route=\/wp\/v2\/posts"}],"about":[{"href":"https:\/\/www.foodmagazine.ma\/index.php?rest_route=\/wp\/v2\/types\/post"}],"author":[{"embeddable":true,"href":"https:\/\/www.foodmagazine.ma\/index.php?rest_route=\/wp\/v2\/users\/1"}],"replies":[{"embeddable":true,"href":"https:\/\/www.foodmagazine.ma\/index.php?rest_route=%2Fwp%2Fv2%2Fcomments&post=3294"}],"version-history":[{"count":1,"href":"https:\/\/www.foodmagazine.ma\/index.php?rest_route=\/wp\/v2\/posts\/3294\/revisions"}],"predecessor-version":[{"id":3296,"href":"https:\/\/www.foodmagazine.ma\/index.php?rest_route=\/wp\/v2\/posts\/3294\/revisions\/3296"}],"wp:featuredmedia":[{"embeddable":true,"href":"https:\/\/www.foodmagazine.ma\/index.php?rest_route=\/wp\/v2\/media\/3295"}],"wp:attachment":[{"href":"https:\/\/www.foodmagazine.ma\/index.php?rest_route=%2Fwp%2Fv2%2Fmedia&parent=3294"}],"wp:term":[{"taxonomy":"category","embeddable":true,"href":"https:\/\/www.foodmagazine.ma\/index.php?rest_route=%2Fwp%2Fv2%2Fcategories&post=3294"},{"taxonomy":"post_tag","embeddable":true,"href":"https:\/\/www.foodmagazine.ma\/index.php?rest_route=%2Fwp%2Fv2%2Ftags&post=3294"}],"curies":[{"name":"wp","href":"https:\/\/api.w.org\/{rel}","templated":true}]}}