{"id":3429,"date":"2021-02-16T10:23:01","date_gmt":"2021-02-16T09:23:01","guid":{"rendered":"http:\/\/www.foodmagazine.ma\/?p=3429"},"modified":"2021-02-16T10:23:03","modified_gmt":"2021-02-16T09:23:03","slug":"cgem-les-priorites-pour-lannee-2021-devoilees","status":"publish","type":"post","link":"https:\/\/www.foodmagazine.ma\/?p=3429","title":{"rendered":"CGEM : les priorit\u00e9s pour l\u2019ann\u00e9e 2021 d\u00e9voil\u00e9es"},"content":{"rendered":"\n<figure class=\"wp-block-image size-large\"><img loading=\"lazy\" decoding=\"async\" width=\"1000\" height=\"490\" src=\"https:\/\/www.foodmagazine.ma\/wp-content\/uploads\/2021\/02\/Capture-CGEM.jpg\" alt=\"\" class=\"wp-image-3430\" srcset=\"https:\/\/www.foodmagazine.ma\/wp-content\/uploads\/2021\/02\/Capture-CGEM.jpg 1000w, https:\/\/www.foodmagazine.ma\/wp-content\/uploads\/2021\/02\/Capture-CGEM-300x147.jpg 300w, https:\/\/www.foodmagazine.ma\/wp-content\/uploads\/2021\/02\/Capture-CGEM-768x376.jpg 768w\" sizes=\"auto, (max-width: 1000px) 100vw, 1000px\" \/><\/figure>\n\n\n\n<p>La Conf\u00e9d\u00e9ration g\u00e9n\u00e9rale des entreprises du Maroc (CGEM) a d\u00e9voil\u00e9, le 11 f\u00e9vrier \u00e0 Casablanca, ses priorit\u00e9s pour l\u2019ann\u00e9e 2021, couvrant 6 chantiers urgents et structurants. La premi\u00e8re priorit\u00e9 porte sur l\u2019appui aux entreprises pour la mise en place rapide de la strat\u00e9gie des fonds propres, via le lancement d\u2019un fonds g\u00e9n\u00e9raliste de pr\u00eat participatif avec une distribution par le r\u00e9seau bancaire.<\/p>\n\n\n\n<p>La 2\u00e8me concerne l\u2019am\u00e9lioration de l\u2019acc\u00e8s et l\u2019optimisation des co\u00fbts des facteurs de production de l\u2019entreprise, \u00e0 travers 6 aspects : \u00e9nergie, logistique, formation, emploi, foncier et innovation.<\/p>\n\n\n\n<p>S\u2019agissant de la 3\u00e8me priorit\u00e9, elle porte sur l\u2019op\u00e9rationnalisation d\u2019un choc de simplification en faveur du d\u00e9veloppement \u00e9conomique, notamment \u00e0 travers l\u2019acc\u00e9l\u00e9ration de la simplification des proc\u00e9dures administratives et des mesures de sauvegarde, le e-gouvernement, la suppression des sources d\u2019arbitrage et l\u2019institutionnalisation de la d\u00e9claration sur l\u2019honneur et installation du principe du confiance. Une 4\u00e8me priorit\u00e9 vise \u00e0 promouvoir le \u00ab Made in Morocco \u00bb et le soutenir par la commande publique et la pr\u00e9f\u00e9rence nationale, via la cr\u00e9ation et la promotion d\u2019un label afin de faciliter la reconnaissance des produits marocains \u00e0 fort contenu local. De plus, la CGEM a insist\u00e9 sur la favorisation de l\u2019emploi et la reconversion pour une meilleure employabilit\u00e9. L\u2019objectif est de conditionner l\u2019indemnit\u00e9 pour perte d\u2019emploi (IPE) \u00e0 la formation de reconversion en assouplissant les conditions d\u2019acc\u00e8s \u00e0 l\u2019IPE.<\/p>\n\n\n\n<p>Par ailleurs, la 6\u00e8me priorit\u00e9 de la Conf\u00e9d\u00e9ration \u00e9voque la n\u00e9cessit\u00e9 d\u2019un engagement national pour int\u00e9grer de fa\u00e7on assum\u00e9e le petit informel et \u00e9radiquer le grand informel. Pour le petit informel, la CGEM pr\u00e9conise l\u2019\u00e9largissement de la couverture sociale et d\u2019inclusion financi\u00e8re. C\u00f4t\u00e9 grand informel, il s\u2019agit de l\u2019\u00e9radication de la rente, du renforcement de l\u2019action douani\u00e8re au niveau des fronti\u00e8res, de la lutte contre la corruption, de la p\u00e9nalisation des fausses factures et d\u2019accompagnement dans l\u2019int\u00e9gration des unit\u00e9s de production informelle \u00e0 l\u2019\u00e9conomie formelle.<\/p>\n\n\n\n<p>\u00ab <em>Nous restons confiants que 2021 devra \u00eatre l<\/em><em>\u2019<\/em><em>ann\u00e9e des r\u00e9formes et de la reprise<\/em> \u00bb, a d\u00e9clar\u00e9 Chakib Alj, Pr\u00e9sident de la CGEM, ajoutant que le financement est l\u2019un des sujets phares. \u00ab <em>Bien que le d\u00e9ploiement du fonds Mohammed VI pour l<\/em><em>\u2019<\/em><em>Investissement va sans aucun doute \u00eatre annonc\u00e9 dans les prochains jours, nous restons convaincus que son efficacit\u00e9 <\/em><em>sera li<\/em><em>\u00e9e \u00e0 <\/em><em>la rapidit<\/em><em>\u00e9 de d\u00e9ploiement des fonds dans les secteurs qui sont prioritaires<\/em> \u00bb, a-t-il ajout\u00e9.<\/p>\n","protected":false},"excerpt":{"rendered":"<p>La Conf\u00e9d\u00e9ration g\u00e9n\u00e9rale des entreprises du Maroc (CGEM) a d\u00e9voil\u00e9, le 11 f\u00e9vrier \u00e0 Casablanca, ses priorit\u00e9s pour l\u2019ann\u00e9e 2021, couvrant 6 chantiers urgents et structurants. La premi\u00e8re priorit\u00e9 porte sur l\u2019appui aux entreprises pour la mise en place rapide de la strat\u00e9gie des fonds propres, via le lancement d\u2019un fonds g\u00e9n\u00e9raliste de pr\u00eat participatif &hellip;<\/p>\n","protected":false},"author":1,"featured_media":3430,"comment_status":"open","ping_status":"closed","sticky":false,"template":"","format":"standard","meta":{"footnotes":""},"categories":[6,2],"tags":[],"class_list":["post-3429","post","type-post","status-publish","format-standard","has-post-thumbnail","","category-a-la-une","category-actus-maroc"],"aioseo_notices":[],"_links":{"self":[{"href":"https:\/\/www.foodmagazine.ma\/index.php?rest_route=\/wp\/v2\/posts\/3429","targetHints":{"allow":["GET"]}}],"collection":[{"href":"https:\/\/www.foodmagazine.ma\/index.php?rest_route=\/wp\/v2\/posts"}],"about":[{"href":"https:\/\/www.foodmagazine.ma\/index.php?rest_route=\/wp\/v2\/types\/post"}],"author":[{"embeddable":true,"href":"https:\/\/www.foodmagazine.ma\/index.php?rest_route=\/wp\/v2\/users\/1"}],"replies":[{"embeddable":true,"href":"https:\/\/www.foodmagazine.ma\/index.php?rest_route=%2Fwp%2Fv2%2Fcomments&post=3429"}],"version-history":[{"count":1,"href":"https:\/\/www.foodmagazine.ma\/index.php?rest_route=\/wp\/v2\/posts\/3429\/revisions"}],"predecessor-version":[{"id":3431,"href":"https:\/\/www.foodmagazine.ma\/index.php?rest_route=\/wp\/v2\/posts\/3429\/revisions\/3431"}],"wp:featuredmedia":[{"embeddable":true,"href":"https:\/\/www.foodmagazine.ma\/index.php?rest_route=\/wp\/v2\/media\/3430"}],"wp:attachment":[{"href":"https:\/\/www.foodmagazine.ma\/index.php?rest_route=%2Fwp%2Fv2%2Fmedia&parent=3429"}],"wp:term":[{"taxonomy":"category","embeddable":true,"href":"https:\/\/www.foodmagazine.ma\/index.php?rest_route=%2Fwp%2Fv2%2Fcategories&post=3429"},{"taxonomy":"post_tag","embeddable":true,"href":"https:\/\/www.foodmagazine.ma\/index.php?rest_route=%2Fwp%2Fv2%2Ftags&post=3429"}],"curies":[{"name":"wp","href":"https:\/\/api.w.org\/{rel}","templated":true}]}}