{"id":3449,"date":"2021-02-23T12:19:01","date_gmt":"2021-02-23T11:19:01","guid":{"rendered":"http:\/\/www.foodmagazine.ma\/?p=3449"},"modified":"2021-02-23T13:56:25","modified_gmt":"2021-02-23T12:56:25","slug":"maroc-allemange-quelles-perspectives-macroeconomiques-a-laune-du-covid","status":"publish","type":"post","link":"https:\/\/www.foodmagazine.ma\/?p=3449","title":{"rendered":"Maroc\/Allemagne : quelles perspectives macro\u00e9conomiques \u00e0 l\u2019aune du Covid ?"},"content":{"rendered":"\n<figure class=\"wp-block-image size-large\"><img loading=\"lazy\" decoding=\"async\" width=\"1000\" height=\"607\" src=\"https:\/\/www.foodmagazine.ma\/wp-content\/uploads\/2021\/02\/AHK-Webinaire.jpg\" alt=\"\" class=\"wp-image-3450\" srcset=\"https:\/\/www.foodmagazine.ma\/wp-content\/uploads\/2021\/02\/AHK-Webinaire.jpg 1000w, https:\/\/www.foodmagazine.ma\/wp-content\/uploads\/2021\/02\/AHK-Webinaire-300x182.jpg 300w, https:\/\/www.foodmagazine.ma\/wp-content\/uploads\/2021\/02\/AHK-Webinaire-768x466.jpg 768w\" sizes=\"auto, (max-width: 1000px) 100vw, 1000px\" \/><\/figure>\n\n\n\n<p>Le 16 f\u00e9vrier 2021, l\u2019AHK, Chambre Allemande de Commerce et d\u2019Industrie au Maroc, a organis\u00e9 le premier webinaire de sa nouvelle s\u00e9rie d\u2019\u00e9v\u00e8nements nomm\u00e9e \u00ab AHK Lecture Series \u00bb. L\u2019objectif de cette conf\u00e9rence \u00e9tait d\u2019appr\u00e9cier, en compagnie d\u2019experts de la Banque mondiale et de la F\u00e9d\u00e9ration des chambres de Commerce et d&#8217;Industrie Allemandes (DIHK), les d\u00e9veloppements actuels au Maroc et en Allemagne et de s\u2019informer sur les perspectives \u00e9conomiques pour ces deux pays en 2021 dans le contexte du Covid-19.<\/p>\n\n\n\n<p>Plusieurs intervenants ont pris part \u00e0 cette conf\u00e9rence, dont Jesko S. Hentschel, Directeur du d\u00e9partement Maghreb et Malte \u00e0 la Banque Mondiale, qui a tenu \u00e0 rappeler les objectifs de la Banque Mondiale au Maghreb lors de cette situation de crise. Dans le cas du Royaume, il s\u2019agissait de le soutenir par la mise en place d\u2019un projet d\u2019urgence pour le secteur de la sant\u00e9&nbsp; afin de fournir tous les \u00e9quipements n\u00e9cessaires, ainsi que le soutien de la relance dans plusieurs domaines, notamment le digital, l\u2019inclusion financi\u00e8re et les nouvelles demandes de mobilit\u00e9 europ\u00e9enne.<\/p>\n\n\n\n<p>En outre, une analyse sur les perspectives \u00e9conomiques au Maroc, bas\u00e9e sur un rapport semestriel r\u00e9alis\u00e9 par la Banque Mondiale, a \u00e9t\u00e9 pr\u00e9sent\u00e9e par Javier Diaz Cassou, \u00e9conomiste principal de la Banque Mondiale au Maroc. Lors de son allocution, il a dress\u00e9 un bilan de la crise du Covid-19 au Maroc et a indiqu\u00e9 que le Royaume \u00e9tait dans une situation interm\u00e9diaire par rapport aux autres pays du monde en ce qui concerne le nombre de cas confirm\u00e9s par millions d\u2019habitants, tout en pr\u00e9cisant que ce dernier est en dessous de ses voisins, surtout au nord de la M\u00e9diterran\u00e9e.<\/p>\n\n\n\n<p>En ce qui concerne la r\u00e9ponse du gouvernement marocain par rapport \u00e0 la crise actuelle, l\u2019\u00e9conomiste a soulign\u00e9 que les mesures imm\u00e9diates prises face au Covid-19 ont \u00e9t\u00e9 transform\u00e9es en r\u00e9formes structurelles \u00e0 long terme. C\u2019est le cas du renforcement du dispositif m\u00e9dical lors de la pand\u00e9mie qui a abouti \u00e0 une r\u00e9forme destin\u00e9e \u00e0 universaliser l\u2019acc\u00e8s \u00e0 la sant\u00e9 et l\u2019assurance maladie obligatoire.<\/p>\n\n\n\n<p>Pour conclure, Javier Diaz Cassou a pr\u00e9sent\u00e9 les pr\u00e9visions macro\u00e9conomiques de la Banque Mondiale, qui laissent pr\u00e9sager un rebondissement plus prononc\u00e9 au Maroc avec une croissance de 4% pour l\u2019ann\u00e9e 2021, ce qui est sup\u00e9rieur aux pays du Moyen -Orient et du Nord de l\u2019Afrique ainsi que l\u2019Am\u00e9rique latine. Ceci dit, il a rappel\u00e9 la n\u00e9cessit\u00e9 de suivre de tr\u00e8s pr\u00e8s de nombreux facteurs de risques, notamment les conditions de financements ext\u00e9rieurs qui pourraient se d\u00e9t\u00e9riorer.<\/p>\n\n\n\n<p><strong>Un retour \u00e0 la normale qui tarde<\/strong><strong><\/strong><\/p>\n\n\n\n<p>Toujours lors de ce webinaire, Volker Treier, \u00e9conomiste en chef et membre du Conseil ex\u00e9cutif de l\u2019Association des Chambres Allemandes de Commerce et d&#8217;Industrie (DIHK), a expos\u00e9 les r\u00e9sultats de l\u2019enqu\u00eate r\u00e9guli\u00e8re aupr\u00e8s des entreprises internationales allemandes du monde entier. Il a ainsi indiqu\u00e9 que les restrictions de voyages \u00e9taient consid\u00e9r\u00e9es comme le probl\u00e8me majeur de l\u2019ann\u00e9e pr\u00e9c\u00e9dente selon plus de 75% des entreprises allemandes ayant particip\u00e9 \u00e0 cette enqu\u00eate. Quant au retour \u00e0 une activit\u00e9 normale, Volker Treier a d\u00e9clar\u00e9 que 25% des entreprises qui op\u00e8rent en Chine ont estim\u00e9 ou r\u00e9alis\u00e9 un retour \u00e0 la normale de leurs activit\u00e9s en 2020 contre 2% pour les entreprises allemandes op\u00e9rant en Europe et 4% pour celles op\u00e9rant en Afrique.<\/p>\n","protected":false},"excerpt":{"rendered":"<p>Le 16 f\u00e9vrier 2021, l\u2019AHK, Chambre Allemande de Commerce et d\u2019Industrie au Maroc, a organis\u00e9 le premier webinaire de sa nouvelle s\u00e9rie d\u2019\u00e9v\u00e8nements nomm\u00e9e \u00ab AHK Lecture Series \u00bb. L\u2019objectif de cette conf\u00e9rence \u00e9tait d\u2019appr\u00e9cier, en compagnie d\u2019experts de la Banque mondiale et de la F\u00e9d\u00e9ration des chambres de Commerce et d&#8217;Industrie Allemandes (DIHK), les &hellip;<\/p>\n","protected":false},"author":1,"featured_media":3450,"comment_status":"open","ping_status":"closed","sticky":false,"template":"","format":"standard","meta":{"footnotes":""},"categories":[6,2],"tags":[],"class_list":["post-3449","post","type-post","status-publish","format-standard","has-post-thumbnail","","category-a-la-une","category-actus-maroc"],"aioseo_notices":[],"_links":{"self":[{"href":"https:\/\/www.foodmagazine.ma\/index.php?rest_route=\/wp\/v2\/posts\/3449","targetHints":{"allow":["GET"]}}],"collection":[{"href":"https:\/\/www.foodmagazine.ma\/index.php?rest_route=\/wp\/v2\/posts"}],"about":[{"href":"https:\/\/www.foodmagazine.ma\/index.php?rest_route=\/wp\/v2\/types\/post"}],"author":[{"embeddable":true,"href":"https:\/\/www.foodmagazine.ma\/index.php?rest_route=\/wp\/v2\/users\/1"}],"replies":[{"embeddable":true,"href":"https:\/\/www.foodmagazine.ma\/index.php?rest_route=%2Fwp%2Fv2%2Fcomments&post=3449"}],"version-history":[{"count":2,"href":"https:\/\/www.foodmagazine.ma\/index.php?rest_route=\/wp\/v2\/posts\/3449\/revisions"}],"predecessor-version":[{"id":3481,"href":"https:\/\/www.foodmagazine.ma\/index.php?rest_route=\/wp\/v2\/posts\/3449\/revisions\/3481"}],"wp:featuredmedia":[{"embeddable":true,"href":"https:\/\/www.foodmagazine.ma\/index.php?rest_route=\/wp\/v2\/media\/3450"}],"wp:attachment":[{"href":"https:\/\/www.foodmagazine.ma\/index.php?rest_route=%2Fwp%2Fv2%2Fmedia&parent=3449"}],"wp:term":[{"taxonomy":"category","embeddable":true,"href":"https:\/\/www.foodmagazine.ma\/index.php?rest_route=%2Fwp%2Fv2%2Fcategories&post=3449"},{"taxonomy":"post_tag","embeddable":true,"href":"https:\/\/www.foodmagazine.ma\/index.php?rest_route=%2Fwp%2Fv2%2Ftags&post=3449"}],"curies":[{"name":"wp","href":"https:\/\/api.w.org\/{rel}","templated":true}]}}