{"id":3461,"date":"2021-02-23T12:25:12","date_gmt":"2021-02-23T11:25:12","guid":{"rendered":"http:\/\/www.foodmagazine.ma\/?p=3461"},"modified":"2021-02-23T12:25:15","modified_gmt":"2021-02-23T11:25:15","slug":"lassociation-des-enseignants-des-sciences-de-la-vie-et-de-la-terre-au-maroc-a-la-rescousse-de-nos-oasis","status":"publish","type":"post","link":"https:\/\/www.foodmagazine.ma\/?p=3461","title":{"rendered":"L\u2019Association des enseignants des sciences de la vie et de la terre au Maroc \u00e0 la rescousse de nos oasis"},"content":{"rendered":"\n<figure class=\"wp-block-image size-large\"><img loading=\"lazy\" decoding=\"async\" width=\"1000\" height=\"667\" src=\"https:\/\/www.foodmagazine.ma\/wp-content\/uploads\/2021\/02\/Image-par-danydeseure-de-Pixabay.jpg\" alt=\"\" class=\"wp-image-3462\" srcset=\"https:\/\/www.foodmagazine.ma\/wp-content\/uploads\/2021\/02\/Image-par-danydeseure-de-Pixabay.jpg 1000w, https:\/\/www.foodmagazine.ma\/wp-content\/uploads\/2021\/02\/Image-par-danydeseure-de-Pixabay-300x200.jpg 300w, https:\/\/www.foodmagazine.ma\/wp-content\/uploads\/2021\/02\/Image-par-danydeseure-de-Pixabay-768x512.jpg 768w\" sizes=\"auto, (max-width: 1000px) 100vw, 1000px\" \/><figcaption><em>\u00a9 danydeseure &#8211; Pixabay<\/em><\/figcaption><\/figure>\n\n\n\n<p>L\u2019Association des enseignants des sciences de la vie et de la terre au Maroc (AESVT), acteur national de d\u00e9veloppement et d\u2019\u00e9ducation, a annonc\u00e9 son intention de mettre en \u0153uvre un projet de promotion de la gestion int\u00e9gr\u00e9e des ressources dans l&#8217;oasis au niveau de deux projets mod\u00e8les : l&#8217;oasis de Ferkla d&#8217;Errachidia et l&#8217;oasis d&#8217;Aguinane \u00e0 Tata. L\u2019objectif est de contribuer aux efforts d\u00e9ploy\u00e9s par les autres acteurs locaux et nationaux pour la pr\u00e9servation des oasis du sud du Maroc et les prot\u00e9ger des r\u00e9percussions du changement climatique, qui est l&#8217;un des d\u00e9fis et enjeux majeurs pour le Royaume.<\/p>\n\n\n\n<p>Ce projet sera men\u00e9 avec la population, les diff\u00e9rents acteurs et partenaires et gr\u00e2ce au soutien financier de l&#8217;Union Europ\u00e9enne, durant trois ans, et adoptera l\u2019approche GIRE combinant s\u00e9curit\u00e9 hydrique et alimentaire et d\u00e9veloppement durable, qui aura pour effet de faciliter son appropriation continue et durable par la population. Il aura aussi pour but la construction d\u2019un plan de gestion int\u00e9gr\u00e9e des ressources en eau, et la r\u00e9alisation d\u2019activit\u00e9s qui permettront de r\u00e9duire l&#8217;exode rural des jeunes tout en encourageant les initiatives de cr\u00e9ation d&#8217;entreprises dans les domaines de l&#8217;eau et de l&#8217;assainissement et en soutenant des projets types.<\/p>\n\n\n\n<p>Le Gouverneur de la province de Tata a pr\u00e9sid\u00e9 une c\u00e9r\u00e9monie de lancement officielle du projet en question et a par la m\u00eame occasion pr\u00e9sent\u00e9 les objectifs et le plan d\u2019action du projet.<\/p>\n\n\n\n<p>Il est \u00e0 rappeler que les oasis occupent une superficie non n\u00e9gligeable et d\u2019importance capitale du fait de leur r\u00f4le de rempart contre la d\u00e9sertification. Cependant, elles sont aujourd\u2019hui menac\u00e9es par plusieurs contraintes telles que le changement climatique, l\u2019ensablement, la s\u00e9cheresse et la pression d\u00e9mographique, etc.<\/p>\n","protected":false},"excerpt":{"rendered":"<p>\u00a9 danydeseure &#8211; Pixabay L\u2019Association des enseignants des sciences de la vie et de la terre au Maroc (AESVT), acteur national de d\u00e9veloppement et d\u2019\u00e9ducation, a annonc\u00e9 son intention de mettre en \u0153uvre un projet de promotion de la gestion int\u00e9gr\u00e9e des ressources dans l&#8217;oasis au niveau de deux projets mod\u00e8les : l&#8217;oasis de Ferkla &hellip;<\/p>\n","protected":false},"author":1,"featured_media":3462,"comment_status":"open","ping_status":"closed","sticky":false,"template":"","format":"standard","meta":{"footnotes":""},"categories":[6,2],"tags":[],"class_list":["post-3461","post","type-post","status-publish","format-standard","has-post-thumbnail","","category-a-la-une","category-actus-maroc"],"aioseo_notices":[],"_links":{"self":[{"href":"https:\/\/www.foodmagazine.ma\/index.php?rest_route=\/wp\/v2\/posts\/3461","targetHints":{"allow":["GET"]}}],"collection":[{"href":"https:\/\/www.foodmagazine.ma\/index.php?rest_route=\/wp\/v2\/posts"}],"about":[{"href":"https:\/\/www.foodmagazine.ma\/index.php?rest_route=\/wp\/v2\/types\/post"}],"author":[{"embeddable":true,"href":"https:\/\/www.foodmagazine.ma\/index.php?rest_route=\/wp\/v2\/users\/1"}],"replies":[{"embeddable":true,"href":"https:\/\/www.foodmagazine.ma\/index.php?rest_route=%2Fwp%2Fv2%2Fcomments&post=3461"}],"version-history":[{"count":1,"href":"https:\/\/www.foodmagazine.ma\/index.php?rest_route=\/wp\/v2\/posts\/3461\/revisions"}],"predecessor-version":[{"id":3463,"href":"https:\/\/www.foodmagazine.ma\/index.php?rest_route=\/wp\/v2\/posts\/3461\/revisions\/3463"}],"wp:featuredmedia":[{"embeddable":true,"href":"https:\/\/www.foodmagazine.ma\/index.php?rest_route=\/wp\/v2\/media\/3462"}],"wp:attachment":[{"href":"https:\/\/www.foodmagazine.ma\/index.php?rest_route=%2Fwp%2Fv2%2Fmedia&parent=3461"}],"wp:term":[{"taxonomy":"category","embeddable":true,"href":"https:\/\/www.foodmagazine.ma\/index.php?rest_route=%2Fwp%2Fv2%2Fcategories&post=3461"},{"taxonomy":"post_tag","embeddable":true,"href":"https:\/\/www.foodmagazine.ma\/index.php?rest_route=%2Fwp%2Fv2%2Ftags&post=3461"}],"curies":[{"name":"wp","href":"https:\/\/api.w.org\/{rel}","templated":true}]}}