{"id":3493,"date":"2021-03-02T11:55:05","date_gmt":"2021-03-02T10:55:05","guid":{"rendered":"http:\/\/www.foodmagazine.ma\/?p=3493"},"modified":"2021-03-02T11:55:08","modified_gmt":"2021-03-02T10:55:08","slug":"cooperation-sud-sud-lancement-dune-cellule-de-geomatique-et-de-digitalisation-au-niger","status":"publish","type":"post","link":"https:\/\/www.foodmagazine.ma\/?p=3493","title":{"rendered":"Coop\u00e9ration sud-sud : lancement d\u2019une cellule de g\u00e9omatique et de digitalisation au Niger"},"content":{"rendered":"\n<figure class=\"wp-block-image size-large\"><img loading=\"lazy\" decoding=\"async\" width=\"1000\" height=\"563\" src=\"https:\/\/www.foodmagazine.ma\/wp-content\/uploads\/2021\/03\/20210224_103243.jpg\" alt=\"\" class=\"wp-image-3494\" srcset=\"https:\/\/www.foodmagazine.ma\/wp-content\/uploads\/2021\/03\/20210224_103243.jpg 1000w, https:\/\/www.foodmagazine.ma\/wp-content\/uploads\/2021\/03\/20210224_103243-300x169.jpg 300w, https:\/\/www.foodmagazine.ma\/wp-content\/uploads\/2021\/03\/20210224_103243-768x432.jpg 768w\" sizes=\"auto, (max-width: 1000px) 100vw, 1000px\" \/><\/figure>\n\n\n\n<p>Le Niger a inaugur\u00e9 \u00e0 Niamey sa cellule de g\u00e9omatique et de digitalisation. Fruit de l\u2019accord tripartite de coop\u00e9ration sud-sud sign\u00e9 entre le Maroc, l\u2019Organisation des Nations unies pour l&#8217;alimentation et l&#8217;agriculture (FAO) et la R\u00e9publique du Niger en novembre 2019, cette cellule vise \u00e0 former des profils experts en mati\u00e8re de traitement des images de t\u00e9l\u00e9d\u00e9tection satellitaire et drones. Elle entend \u00e9galement digitaliser la collecte et l\u2019analyse de donn\u00e9es agricoles.<\/p>\n\n\n\n<p>\u00c0 ce jour, le projet a permis, d\u2019un c\u00f4t\u00e9, de cr\u00e9er une cellule transversale de g\u00e9o-technologies et de digitalisation au sein du Minist\u00e8re nig\u00e9rien de l\u2019agriculture et de l\u2019\u00e9levage, \u00e9quip\u00e9e en mat\u00e9riel et en ressources humaines. D\u2019un autre c\u00f4t\u00e9, le projet a mis l\u2019accent sur le renforcement des capacit\u00e9s du staff de la cellule, \u00e0 travers un plan de formation intensif de 3 mois sur le traitement des images satellitaires, l\u2019acquisition et les traitements des images prises par drones et les dispositifs d\u2019enqu\u00eates agricoles digitales, la cartographie des cultures par t\u00e9l\u00e9d\u00e9tection, la digitalisation des statistiques agricoles et de l\u2019estimation des rendements. Ce plan de formation a \u00e9t\u00e9 r\u00e9alis\u00e9 en partenariat avec le CRASTE-LF \u00e0 travers des sessions pr\u00e9sentielles et \u00e9coles de terrain au Maroc et au Niger et des sessions de formation en e-learning.<\/p>\n\n\n\n<p>Au cours de la c\u00e9r\u00e9monie, Barkai Issouf, Ministre de l&#8217;agriculture et de l\u2019\u00e9levage charg\u00e9 des relations avec les institutions, s\u2019est r\u00e9joui des acquis du projet qui commencent d\u2019ores et d\u00e9j\u00e0 \u00e0 \u00eatre palpables et concrets, et s\u2019est f\u00e9licit\u00e9 de la cr\u00e9ation de cette cellule qui va renforcer la mise en place d\u2019un noyau d\u2019experts formateurs en mati\u00e8re de g\u00e9otechnologies et de digitalisation, et les doter d\u2019une capacit\u00e9 technique de haut niveau pour accompagner la dynamique de modernisation du secteur. De son c\u00f4t\u00e9, Loubna El Manssouri, au nom du Minist\u00e8re de l\u2019agriculture, de la p\u00eache maritime, du d\u00e9veloppement rural et des eaux et for\u00eats du Maroc, a d\u00e9sign\u00e9 ce projet comme un bel exemple de coop\u00e9ration sud-sud entre le Royaume du Maroc et la R\u00e9publique du Niger.<\/p>\n\n\n\n<p>Enfin, Attaher Maiga, Repr\u00e9sentant de la FAO au Niger, a salu\u00e9 la cr\u00e9ation de cette cellule qui confirme l\u2019enjeu particuli\u00e8rement important de la transformation digitale, dans un contexte d\u2019accroissement impr\u00e9visible de la variabilit\u00e9 m\u00e9t\u00e9orologique. Il a affirm\u00e9 que les technologies de pointe, comme la t\u00e9l\u00e9d\u00e9tection satellitaire et drone, les plateformes g\u00e9ospatiales et les outils et dispositifs d\u2019enqu\u00eates digitales et leurs applications demeurent une opportunit\u00e9 pour l&#8217;agriculture d&#8217;aspirer \u00e0 un nouveau palier de d\u00e9veloppement durable.<\/p>\n","protected":false},"excerpt":{"rendered":"<p>Le Niger a inaugur\u00e9 \u00e0 Niamey sa cellule de g\u00e9omatique et de digitalisation. Fruit de l\u2019accord tripartite de coop\u00e9ration sud-sud sign\u00e9 entre le Maroc, l\u2019Organisation des Nations unies pour l&#8217;alimentation et l&#8217;agriculture (FAO) et la R\u00e9publique du Niger en novembre 2019, cette cellule vise \u00e0 former des profils experts en mati\u00e8re de traitement des images &hellip;<\/p>\n","protected":false},"author":1,"featured_media":3494,"comment_status":"open","ping_status":"closed","sticky":false,"template":"","format":"standard","meta":{"footnotes":""},"categories":[6,2],"tags":[],"class_list":["post-3493","post","type-post","status-publish","format-standard","has-post-thumbnail","","category-a-la-une","category-actus-maroc"],"aioseo_notices":[],"_links":{"self":[{"href":"https:\/\/www.foodmagazine.ma\/index.php?rest_route=\/wp\/v2\/posts\/3493","targetHints":{"allow":["GET"]}}],"collection":[{"href":"https:\/\/www.foodmagazine.ma\/index.php?rest_route=\/wp\/v2\/posts"}],"about":[{"href":"https:\/\/www.foodmagazine.ma\/index.php?rest_route=\/wp\/v2\/types\/post"}],"author":[{"embeddable":true,"href":"https:\/\/www.foodmagazine.ma\/index.php?rest_route=\/wp\/v2\/users\/1"}],"replies":[{"embeddable":true,"href":"https:\/\/www.foodmagazine.ma\/index.php?rest_route=%2Fwp%2Fv2%2Fcomments&post=3493"}],"version-history":[{"count":1,"href":"https:\/\/www.foodmagazine.ma\/index.php?rest_route=\/wp\/v2\/posts\/3493\/revisions"}],"predecessor-version":[{"id":3495,"href":"https:\/\/www.foodmagazine.ma\/index.php?rest_route=\/wp\/v2\/posts\/3493\/revisions\/3495"}],"wp:featuredmedia":[{"embeddable":true,"href":"https:\/\/www.foodmagazine.ma\/index.php?rest_route=\/wp\/v2\/media\/3494"}],"wp:attachment":[{"href":"https:\/\/www.foodmagazine.ma\/index.php?rest_route=%2Fwp%2Fv2%2Fmedia&parent=3493"}],"wp:term":[{"taxonomy":"category","embeddable":true,"href":"https:\/\/www.foodmagazine.ma\/index.php?rest_route=%2Fwp%2Fv2%2Fcategories&post=3493"},{"taxonomy":"post_tag","embeddable":true,"href":"https:\/\/www.foodmagazine.ma\/index.php?rest_route=%2Fwp%2Fv2%2Ftags&post=3493"}],"curies":[{"name":"wp","href":"https:\/\/api.w.org\/{rel}","templated":true}]}}