{"id":3524,"date":"2021-03-09T13:40:37","date_gmt":"2021-03-09T12:40:37","guid":{"rendered":"http:\/\/www.foodmagazine.ma\/?p=3524"},"modified":"2021-03-09T13:42:53","modified_gmt":"2021-03-09T12:42:53","slug":"le-point-sur-lepidemie-au-maroc-pres-de-4-millions-de-vaccines-dont-plus-de-650-000-ont-recu-la-2eme-dose","status":"publish","type":"post","link":"https:\/\/www.foodmagazine.ma\/?p=3524","title":{"rendered":"Le point sur l\u2019\u00e9pid\u00e9mie au Maroc : pr\u00e8s de 4 millions de vaccin\u00e9s, dont plus de 650.000 ont re\u00e7u la 2\u00e8me dose"},"content":{"rendered":"\n<figure class=\"wp-block-image size-large\"><img loading=\"lazy\" decoding=\"async\" width=\"1000\" height=\"567\" src=\"https:\/\/www.foodmagazine.ma\/wp-content\/uploads\/2021\/03\/Evolution-cas-au-Maroc-1.jpg\" alt=\"\" class=\"wp-image-3526\" srcset=\"https:\/\/www.foodmagazine.ma\/wp-content\/uploads\/2021\/03\/Evolution-cas-au-Maroc-1.jpg 1000w, https:\/\/www.foodmagazine.ma\/wp-content\/uploads\/2021\/03\/Evolution-cas-au-Maroc-1-300x170.jpg 300w, https:\/\/www.foodmagazine.ma\/wp-content\/uploads\/2021\/03\/Evolution-cas-au-Maroc-1-768x435.jpg 768w\" sizes=\"auto, (max-width: 1000px) 100vw, 1000px\" \/><\/figure>\n\n\n\n<p>Avec seulement 102 nouveaux cas recens\u00e9s en 24 heures ce lundi 8 mars \u00e0 18h, le nombre total de cas de contamination s\u2019\u00e9l\u00e8ve d\u00e9sormais \u00e0 486.325, a annonc\u00e9 le Minist\u00e8re de la Sant\u00e9. Un nouveau d\u00e9c\u00e8s est \u00e0 d\u00e9plorer sur les derni\u00e8res 24 heures, portant le total \u00e0 8.683 personnes (taux de l\u00e9talit\u00e9 stable \u00e0 1,8%). En moyenne, 366 nouveaux cas ont \u00e9t\u00e9 enregistr\u00e9s chaque jour lors de la semaine qui vient de s\u2019\u00e9couler, soit 8 cas quotidiens de plus que la semaine pr\u00e9c\u00e9dente &#8211; ce qui pourrait indiquer l\u2019arriv\u00e9e \u00e0 un plateau \u00e9pid\u00e9mique.<\/p>\n\n\n\n<p>Quant au cumul de cas gu\u00e9ris, il s\u2019\u00e9l\u00e8ve \u00e0 472.544 avec 304 nouvelles gu\u00e9risons, soit un taux de gu\u00e9rison en hausse, \u00e0 97,2%. Le nombre de cas actifs est donc en baisse, \u00e0 5.098.<\/p>\n\n\n\n<p>Le nombre total de cas s\u00e9v\u00e8res ou critiques diminue l\u00e9g\u00e8rement, atteignant 389, dont 19 sous intubation. Le taux d&#8217;occupation des lits de r\u00e9animation d\u00e9di\u00e9s au Covid est en baisse par rapport \u00e0 la semaine derni\u00e8re, \u00e0 12,3%.<\/p>\n\n\n\n<p>Le 8 mars, 3,962 millions de personnes avaient b\u00e9n\u00e9fici\u00e9 du programme de vaccination au Maroc. Parmi elles, 651.351 ont d\u00e9j\u00e0 re\u00e7u la 2\u00e8me dose.<\/p>\n\n\n\n<figure class=\"wp-block-image size-large\"><img loading=\"lazy\" decoding=\"async\" width=\"1000\" height=\"546\" src=\"https:\/\/www.foodmagazine.ma\/wp-content\/uploads\/2021\/03\/Evolution-cas-au-Maroc-2-1.jpg\" alt=\"\" class=\"wp-image-3525\" srcset=\"https:\/\/www.foodmagazine.ma\/wp-content\/uploads\/2021\/03\/Evolution-cas-au-Maroc-2-1.jpg 1000w, https:\/\/www.foodmagazine.ma\/wp-content\/uploads\/2021\/03\/Evolution-cas-au-Maroc-2-1-300x164.jpg 300w, https:\/\/www.foodmagazine.ma\/wp-content\/uploads\/2021\/03\/Evolution-cas-au-Maroc-2-1-768x419.jpg 768w\" sizes=\"auto, (max-width: 1000px) 100vw, 1000px\" \/><\/figure>\n\n\n\n<p><strong>Liens utiles<\/strong><\/p>\n\n\n\n<p><a href=\"http:\/\/covidmaroc.ma\/\" target=\"_blank\" rel=\"noopener noreferrer\">http:\/\/covidmaroc.ma\/<\/a> pour suivre au jour le jour l\u2019\u00e9volution du nombre de cas et les conseils du Minist\u00e8re de la Sant\u00e9<\/p>\n\n\n\n<p><a href=\"https:\/\/www.finances.gov.ma\/fr\/Nos-metiers\/Pages\/news-dispositions-cve.aspx\" target=\"_blank\" rel=\"noopener noreferrer\">https:\/\/www.finances.gov.ma\/fr\/Nos-metiers\/Pages\/news-dispositions-cve.aspx<\/a> : mesures prises par le Comit\u00e9 de Veille \u00c9conomique et le Minist\u00e8re de l\u2019\u00c9conomie et des Finances <\/p>\n\n\n\n<p>Les centres hospitaliers pour effectuer les tests du covid-19\u202f:&nbsp; <br><a rel=\"noopener noreferrer\" href=\"http:\/\/www.covidmaroc.ma\/Documents\/2020\/%D9%85%D8%B1%D8%A7%D9%83%D8%B2%20%D8%A7%D9%84%D9%81%D8%AD%D9%88%D8%B5%D8%A7%D8%AA.pdf\" target=\"&quot;_blank\">http:\/\/www.covidmaroc.ma\/Documents\/2020\/%D9%85%D8%B1%D8%A7%D9%83%D8%B2%20%D8%A7%D9%84%D9%81%D8%AD%D9%88%D8%B5%D8%A7%D8%AA.pdf<\/a><\/p>\n\n\n\n<p>La rubrique&nbsp;\u00ab&nbsp;Covid-19&nbsp;:&nbsp;Mesures prises par le Comit\u00e9&nbsp;de Veille Economique et par le&nbsp;Minist\u00e8re&nbsp;de l\u2019Economie et de la R\u00e9forme de l\u2019Administration&nbsp;\u00bb&nbsp;:&nbsp;<a rel=\"noreferrer noopener\" href=\"https:\/\/www.finances.gov.ma\/fr\/Nos-metiers\/Pages\/news-dispositions-cve.aspx\" target=\"_blank\" class=\"aioseop-link\">https:\/\/www.finances.gov.ma\/fr\/Nos-metiers\/Pages\/news-dispositions-cve.aspx<\/a><\/p>\n\n\n\n<p>La norme marocaine NM ST 21.5.200 sur la fabrication des masques de protection en tissu non tiss\u00e9 : <a href=\"https:\/\/www.imanor.gov.ma\/wp-content\/uploads\/2020\/04\/NM-ST-21.5.201-1.pdf\" target=\"_blank\" aria-label=\"https:\/\/www.imanor.gov.ma\/wp-content\/uploads\/2020\/04\/NM-ST-21.5.201-1.pdf (opens in a new tab)\" rel=\"noreferrer noopener\" class=\"aioseop-link\">https:\/\/www.imanor.gov.ma\/wp-content\/uploads\/2020\/04\/NM-ST-21.5.201-1.pdf<\/a><\/p>\n","protected":false},"excerpt":{"rendered":"<p>Avec seulement 102 nouveaux cas recens\u00e9s en 24 heures ce lundi 8 mars \u00e0 18h, le nombre total de cas de contamination s\u2019\u00e9l\u00e8ve d\u00e9sormais \u00e0 486.325, a annonc\u00e9 le Minist\u00e8re de la Sant\u00e9. Un nouveau d\u00e9c\u00e8s est \u00e0 d\u00e9plorer sur les derni\u00e8res 24 heures, portant le total \u00e0 8.683 personnes (taux de l\u00e9talit\u00e9 stable \u00e0 &hellip;<\/p>\n","protected":false},"author":1,"featured_media":3526,"comment_status":"open","ping_status":"closed","sticky":false,"template":"","format":"standard","meta":{"footnotes":""},"categories":[6,2],"tags":[],"class_list":["post-3524","post","type-post","status-publish","format-standard","has-post-thumbnail","","category-a-la-une","category-actus-maroc"],"aioseo_notices":[],"_links":{"self":[{"href":"https:\/\/www.foodmagazine.ma\/index.php?rest_route=\/wp\/v2\/posts\/3524","targetHints":{"allow":["GET"]}}],"collection":[{"href":"https:\/\/www.foodmagazine.ma\/index.php?rest_route=\/wp\/v2\/posts"}],"about":[{"href":"https:\/\/www.foodmagazine.ma\/index.php?rest_route=\/wp\/v2\/types\/post"}],"author":[{"embeddable":true,"href":"https:\/\/www.foodmagazine.ma\/index.php?rest_route=\/wp\/v2\/users\/1"}],"replies":[{"embeddable":true,"href":"https:\/\/www.foodmagazine.ma\/index.php?rest_route=%2Fwp%2Fv2%2Fcomments&post=3524"}],"version-history":[{"count":3,"href":"https:\/\/www.foodmagazine.ma\/index.php?rest_route=\/wp\/v2\/posts\/3524\/revisions"}],"predecessor-version":[{"id":3529,"href":"https:\/\/www.foodmagazine.ma\/index.php?rest_route=\/wp\/v2\/posts\/3524\/revisions\/3529"}],"wp:featuredmedia":[{"embeddable":true,"href":"https:\/\/www.foodmagazine.ma\/index.php?rest_route=\/wp\/v2\/media\/3526"}],"wp:attachment":[{"href":"https:\/\/www.foodmagazine.ma\/index.php?rest_route=%2Fwp%2Fv2%2Fmedia&parent=3524"}],"wp:term":[{"taxonomy":"category","embeddable":true,"href":"https:\/\/www.foodmagazine.ma\/index.php?rest_route=%2Fwp%2Fv2%2Fcategories&post=3524"},{"taxonomy":"post_tag","embeddable":true,"href":"https:\/\/www.foodmagazine.ma\/index.php?rest_route=%2Fwp%2Fv2%2Ftags&post=3524"}],"curies":[{"name":"wp","href":"https:\/\/api.w.org\/{rel}","templated":true}]}}