{"id":3536,"date":"2021-03-09T13:47:29","date_gmt":"2021-03-09T12:47:29","guid":{"rendered":"http:\/\/www.foodmagazine.ma\/?p=3536"},"modified":"2021-03-09T13:47:32","modified_gmt":"2021-03-09T12:47:32","slug":"la-promotion-de-lentrepreneuriat-et-la-formation-au-coeur-dun-partenariat-entre-la-cgem-et-lum6p","status":"publish","type":"post","link":"https:\/\/www.foodmagazine.ma\/?p=3536","title":{"rendered":"La promotion de l\u2019entrepreneuriat et la formation au c\u0153ur d\u2019un partenariat entre la CGEM et l\u2019UM6P"},"content":{"rendered":"\n<figure class=\"wp-block-image size-large\"><img loading=\"lazy\" decoding=\"async\" width=\"1000\" height=\"667\" src=\"https:\/\/www.foodmagazine.ma\/wp-content\/uploads\/2021\/03\/156181950_3647081535403289_5628956072955649060_o.jpg\" alt=\"\" class=\"wp-image-3537\" srcset=\"https:\/\/www.foodmagazine.ma\/wp-content\/uploads\/2021\/03\/156181950_3647081535403289_5628956072955649060_o.jpg 1000w, https:\/\/www.foodmagazine.ma\/wp-content\/uploads\/2021\/03\/156181950_3647081535403289_5628956072955649060_o-300x200.jpg 300w, https:\/\/www.foodmagazine.ma\/wp-content\/uploads\/2021\/03\/156181950_3647081535403289_5628956072955649060_o-768x512.jpg 768w\" sizes=\"auto, (max-width: 1000px) 100vw, 1000px\" \/><\/figure>\n\n\n\n<p>Dans un but de rapprochement entre le monde de la recherche et de la formation et le tissu \u00e9conomique et industriel national, un m\u00e9morandum d\u2019entente (MoU) a \u00e9t\u00e9 sign\u00e9 le 1er mars 2021 entre la Conf\u00e9d\u00e9ration G\u00e9n\u00e9rale des Entreprises du Maroc (CGEM) et l\u2019Universit\u00e9 Mohammed VI Polytechnique (UM6P).<\/p>\n\n\n\n<p>Ainsi, ce m\u00e9morandum visera \u00e0 promouvoir le secteur de la recherche et du d\u00e9veloppement (R&amp;D), ainsi que l\u2019innovation au sein des entreprises marocaines, notamment les TPME, \u00e0 travers la mise en place d\u2019un cadre optimal pour r\u00e9pondre aux besoins du secteur priv\u00e9 en la mati\u00e8re. \u00c0 cet effet, le Pr\u00e9sident de la CGEM, Chakib Alj, a tenu \u00e0 d\u00e9clarer que : \u00ab <em>la relation entre les entreprises et le monde de la recherche et de la formation a toujours \u00e9t\u00e9 une priorit\u00e9 pour la CGEM. Nous sommes fiers de sceller ce partenariat avec l<\/em><em>\u2019<\/em><em>UM6P pour promouvoir l<\/em><em>\u2019<\/em><em>application de la recherche au monde industriel et \u00e0 l<\/em><em>\u2019<\/em><em>entrepreneuriat en faveur d<\/em><em>\u2019<\/em><em>une \u00e9conomie innovante et r\u00e9<\/em><em>siliente<\/em><em>.<\/em> \u00bb De son c\u00f4t\u00e9, Hicham El Habti, Pr\u00e9sident de l\u2019UM6P a indiqu\u00e9 que : \u00ab <em>aujourd<\/em><em>\u2019<\/em><em>hui n<\/em><em>\u2019<\/em><em>est que le d\u00e9<\/em><em>but d<\/em><em>\u2019<\/em><em>une collaboration que nous souhaitons inscrite sur le long terme, avec des objectifs concrets pour accompagner le d\u00e9veloppement de la recherche appliqu\u00e9e au Maroc et favoriser la comp\u00e9<\/em><em>titivit<\/em><em>\u00e9 des entreprises.<\/em> \u00bb<\/p>\n\n\n\n<p>Entre autres, il est pr\u00e9vu que les deux institutions joignent leurs forces afin de lancer conjointement des programmes sp\u00e9cifiques d\u00e9di\u00e9s et adapt\u00e9s aux besoins des entrepreneurs marocains, ainsi que pour identifier les besoins du secteur priv\u00e9 en formation ex\u00e9cutive, pour pouvoir proposer aux profils de cadres d\u2019entreprises un acc\u00e8s privil\u00e9gi\u00e9 aux diff\u00e9rents programmes disponibles.<\/p>\n\n\n\n<p>Dans un autre registre, la CGEM et l\u2019UM6P vont \u0153uvrer pour favoriser l\u2019\u00e9change entre les enseignants-chercheurs marocains dans le monde et ceux de l\u2019UM6P, notamment \u00e0 travers la plateforme de mentoring \u00ab Mentor to Mentors \u00bb de MeM by CGEM. Par ailleurs, des actions seront men\u00e9es pour promouvoir le networking entre les MeM et la communaut\u00e9 de l\u2019UM6P.<\/p>\n","protected":false},"excerpt":{"rendered":"<p>Dans un but de rapprochement entre le monde de la recherche et de la formation et le tissu \u00e9conomique et industriel national, un m\u00e9morandum d\u2019entente (MoU) a \u00e9t\u00e9 sign\u00e9 le 1er mars 2021 entre la Conf\u00e9d\u00e9ration G\u00e9n\u00e9rale des Entreprises du Maroc (CGEM) et l\u2019Universit\u00e9 Mohammed VI Polytechnique (UM6P). Ainsi, ce m\u00e9morandum visera \u00e0 promouvoir le &hellip;<\/p>\n","protected":false},"author":1,"featured_media":3537,"comment_status":"open","ping_status":"closed","sticky":false,"template":"","format":"standard","meta":{"footnotes":""},"categories":[6,2],"tags":[],"class_list":["post-3536","post","type-post","status-publish","format-standard","has-post-thumbnail","","category-a-la-une","category-actus-maroc"],"aioseo_notices":[],"_links":{"self":[{"href":"https:\/\/www.foodmagazine.ma\/index.php?rest_route=\/wp\/v2\/posts\/3536","targetHints":{"allow":["GET"]}}],"collection":[{"href":"https:\/\/www.foodmagazine.ma\/index.php?rest_route=\/wp\/v2\/posts"}],"about":[{"href":"https:\/\/www.foodmagazine.ma\/index.php?rest_route=\/wp\/v2\/types\/post"}],"author":[{"embeddable":true,"href":"https:\/\/www.foodmagazine.ma\/index.php?rest_route=\/wp\/v2\/users\/1"}],"replies":[{"embeddable":true,"href":"https:\/\/www.foodmagazine.ma\/index.php?rest_route=%2Fwp%2Fv2%2Fcomments&post=3536"}],"version-history":[{"count":1,"href":"https:\/\/www.foodmagazine.ma\/index.php?rest_route=\/wp\/v2\/posts\/3536\/revisions"}],"predecessor-version":[{"id":3538,"href":"https:\/\/www.foodmagazine.ma\/index.php?rest_route=\/wp\/v2\/posts\/3536\/revisions\/3538"}],"wp:featuredmedia":[{"embeddable":true,"href":"https:\/\/www.foodmagazine.ma\/index.php?rest_route=\/wp\/v2\/media\/3537"}],"wp:attachment":[{"href":"https:\/\/www.foodmagazine.ma\/index.php?rest_route=%2Fwp%2Fv2%2Fmedia&parent=3536"}],"wp:term":[{"taxonomy":"category","embeddable":true,"href":"https:\/\/www.foodmagazine.ma\/index.php?rest_route=%2Fwp%2Fv2%2Fcategories&post=3536"},{"taxonomy":"post_tag","embeddable":true,"href":"https:\/\/www.foodmagazine.ma\/index.php?rest_route=%2Fwp%2Fv2%2Ftags&post=3536"}],"curies":[{"name":"wp","href":"https:\/\/api.w.org\/{rel}","templated":true}]}}