{"id":3636,"date":"2021-03-30T13:47:28","date_gmt":"2021-03-30T12:47:28","guid":{"rendered":"http:\/\/www.foodmagazine.ma\/?p=3636"},"modified":"2021-03-30T13:47:30","modified_gmt":"2021-03-30T12:47:30","slug":"maroc-israel-les-organisations-patronales-signent-un-partenariat-strategique","status":"publish","type":"post","link":"https:\/\/www.foodmagazine.ma\/?p=3636","title":{"rendered":"Maroc &#8211; Isra\u00ebl : les organisations patronales signent un partenariat strat\u00e9gique"},"content":{"rendered":"\n<figure class=\"wp-block-image size-large\"><img loading=\"lazy\" decoding=\"async\" width=\"1000\" height=\"666\" src=\"https:\/\/www.foodmagazine.ma\/wp-content\/uploads\/2021\/03\/162858393_3703996389711803_4340030000495257914_o.jpg\" alt=\"\" class=\"wp-image-3637\" srcset=\"https:\/\/www.foodmagazine.ma\/wp-content\/uploads\/2021\/03\/162858393_3703996389711803_4340030000495257914_o.jpg 1000w, https:\/\/www.foodmagazine.ma\/wp-content\/uploads\/2021\/03\/162858393_3703996389711803_4340030000495257914_o-300x200.jpg 300w, https:\/\/www.foodmagazine.ma\/wp-content\/uploads\/2021\/03\/162858393_3703996389711803_4340030000495257914_o-768x511.jpg 768w, https:\/\/www.foodmagazine.ma\/wp-content\/uploads\/2021\/03\/162858393_3703996389711803_4340030000495257914_o-310x205.jpg 310w\" sizes=\"auto, (max-width: 1000px) 100vw, 1000px\" \/><\/figure>\n\n\n\n<p>Le 22 mars 2021, Chakib Alj, Pr\u00e9sident de la Conf\u00e9d\u00e9ration G\u00e9n\u00e9rale des Entreprises du Maroc (CGEM), Dr Ron Tomer, Pr\u00e9sident de The Israeli Employers and Business Organizations (IEBO) et de la Manufacturers\u2019 Association of Israel (MAI) et Uriel Lynn, Pr\u00e9sident de la Federation of Israeli Chambers of Commerce (FICC), ont sign\u00e9, par visioconf\u00e9rence, un accord de partenariat strat\u00e9gique afin de promouvoir les relations \u00e9conomiques et commerciales et le d\u00e9veloppement technologique entre le Maroc et Isra\u00ebl.<\/p>\n\n\n\n<p>Ce partenariat permettra d\u2019\u00e9tablir un dialogue ouvert et permanent entre la CGEM et IEBO, qui uniront leurs efforts pour cr\u00e9er de fortes synergies entre les communaut\u00e9s d\u2019affaires respectives dans les secteurs cl\u00e9s, mais aussi pour instaurer un \u00e9change d\u2019informations et d\u2019exp\u00e9rience dans des domaines d&#8217;int\u00e9r\u00eat commun tels que l\u2019import\/export, la Recherche et D\u00e9veloppement (R&amp;D), l\u2019innovation et la technologie.<\/p>\n\n\n\n<p>Durant cette c\u00e9r\u00e9monie de signature, le Pr\u00e9sident de la CGEM a affirm\u00e9 \u00ab <em>qu<\/em><em>\u2019<\/em><em>en plus de l<\/em><em>\u2019<\/em><em>important potentiel en mati<\/em><em>\u00e8<\/em><em>re d\u2019\u00e9changes commerciaux, il existe d<\/em><em>\u2019<\/em><em>innombrables opportunit\u00e9s d&#8217;investissement que les secteurs priv\u00e9s marocain et isra\u00e9lien peuvent saisir ensemble sur le plan local, r\u00e9gional et international, au regard des avantages comparatifs dont disposent nos deux pays dans diff\u00e9rents secteurs comme le tourisme, l<\/em><em>\u2019<\/em><em>industrie, les \u00e9nergies renouvelables, la technologie et l<\/em><em>\u2019<\/em><em>innovation<\/em><em>. <\/em>\u00bb<\/p>\n\n\n\n<p>Le Pr\u00e9sident de IEBO et de MAI, Dr Ron Tomer, a, pour sa part, d\u00e9clar\u00e9 : \u00ab <em>je suis tr<\/em><em>\u00e8<\/em><em>s heureux de participer au renouvellement des relations \u00e9conomiques et commerciales entre Isra<\/em><em>\u00eb<\/em><em>l et le Maroc, apr<\/em><em>\u00e8<\/em><em>s une longue pause de 15 ans. Les racines de nombreux Isra\u00e9liens se trouvent au Maroc o<\/em><em>\u00f9<\/em><em>, pendant de nombreuses ann\u00e9es, une grande communaut\u00e9 juive a prosp\u00e9r\u00e9. Par cons\u00e9quent, il est tout \u00e0 fait naturel pour nous aujourd<\/em><em>\u2019<\/em><em>hui de renouveler et de renforcer la relation entre nos deux pays, en cr\u00e9ant un v\u00e9ritable partenariat \u00e0 long terme en faveur de la promotion de la coop\u00e9ration commerciale. Je voudrais \u00e9galement remercier la CGEM pour cet accord important et historique. <\/em>\u00bb<\/p>\n\n\n\n<p>De son c\u00f4t\u00e9, Uriel Lynn, Pr\u00e9sident de la FICC, a d\u00e9clar\u00e9 \u00ab <em>qu&#8217;Isra<\/em><em>\u00eb<\/em><em>l et le Maroc entretiennent une relation forte qui dure dans le temps. Gr\u00e2ce \u00e0 sa situation g\u00e9ographique, le Maroc pourrait \u00eatre un pont de liaison avec l<\/em><em>\u2019<\/em><em>Afrique du Nord pour les entreprises isra\u00e9liennes. En outre, le Maroc offre, aux industries automobile, agricole, alimentaire, textile et chimique, une plateforme comp\u00e9titive&nbsp; pour l\u2019importation.<\/em> \u00bb<\/p>\n\n\n\n<p>Dans le cadre de ce partenariat strat\u00e9gique, CGEM et IEBO ont mis en place un Conseil d\u2019Affaires bilat\u00e9ral afin de promouvoir la coop\u00e9ration entre les deux secteurs priv\u00e9s, notamment \u00e0 travers l&#8217;\u00e9change de missions commerciales, l&#8217;organisation d&#8217;\u00e9v\u00e9nements B2B et l&#8217;implantation d&#8217;entreprises marocaines en Isra\u00ebl et d\u2019entreprises isra\u00e9liennes au Maroc. Ce Conseil d\u2019Affaires Maroc-Isra\u00ebl est pr\u00e9sid\u00e9 par M. Steve O\u2019Hana pour la partie marocaine.<\/p>\n","protected":false},"excerpt":{"rendered":"<p>Le 22 mars 2021, Chakib Alj, Pr\u00e9sident de la Conf\u00e9d\u00e9ration G\u00e9n\u00e9rale des Entreprises du Maroc (CGEM), Dr Ron Tomer, Pr\u00e9sident de The Israeli Employers and Business Organizations (IEBO) et de la Manufacturers\u2019 Association of Israel (MAI) et Uriel Lynn, Pr\u00e9sident de la Federation of Israeli Chambers of Commerce (FICC), ont sign\u00e9, par visioconf\u00e9rence, un accord &hellip;<\/p>\n","protected":false},"author":1,"featured_media":3637,"comment_status":"open","ping_status":"closed","sticky":false,"template":"","format":"standard","meta":{"footnotes":""},"categories":[6,2],"tags":[],"class_list":["post-3636","post","type-post","status-publish","format-standard","has-post-thumbnail","","category-a-la-une","category-actus-maroc"],"aioseo_notices":[],"_links":{"self":[{"href":"https:\/\/www.foodmagazine.ma\/index.php?rest_route=\/wp\/v2\/posts\/3636","targetHints":{"allow":["GET"]}}],"collection":[{"href":"https:\/\/www.foodmagazine.ma\/index.php?rest_route=\/wp\/v2\/posts"}],"about":[{"href":"https:\/\/www.foodmagazine.ma\/index.php?rest_route=\/wp\/v2\/types\/post"}],"author":[{"embeddable":true,"href":"https:\/\/www.foodmagazine.ma\/index.php?rest_route=\/wp\/v2\/users\/1"}],"replies":[{"embeddable":true,"href":"https:\/\/www.foodmagazine.ma\/index.php?rest_route=%2Fwp%2Fv2%2Fcomments&post=3636"}],"version-history":[{"count":1,"href":"https:\/\/www.foodmagazine.ma\/index.php?rest_route=\/wp\/v2\/posts\/3636\/revisions"}],"predecessor-version":[{"id":3638,"href":"https:\/\/www.foodmagazine.ma\/index.php?rest_route=\/wp\/v2\/posts\/3636\/revisions\/3638"}],"wp:featuredmedia":[{"embeddable":true,"href":"https:\/\/www.foodmagazine.ma\/index.php?rest_route=\/wp\/v2\/media\/3637"}],"wp:attachment":[{"href":"https:\/\/www.foodmagazine.ma\/index.php?rest_route=%2Fwp%2Fv2%2Fmedia&parent=3636"}],"wp:term":[{"taxonomy":"category","embeddable":true,"href":"https:\/\/www.foodmagazine.ma\/index.php?rest_route=%2Fwp%2Fv2%2Fcategories&post=3636"},{"taxonomy":"post_tag","embeddable":true,"href":"https:\/\/www.foodmagazine.ma\/index.php?rest_route=%2Fwp%2Fv2%2Ftags&post=3636"}],"curies":[{"name":"wp","href":"https:\/\/api.w.org\/{rel}","templated":true}]}}