{"id":403,"date":"2017-10-02T17:24:41","date_gmt":"2017-10-02T15:24:41","guid":{"rendered":"http:\/\/www.foodmagazine.ma\/?p=403"},"modified":"2017-10-02T17:24:41","modified_gmt":"2017-10-02T15:24:41","slug":"exportation-de-produits-avicoles-marocains-une-bonne-nouvelle","status":"publish","type":"post","link":"https:\/\/www.foodmagazine.ma\/?p=403","title":{"rendered":"Exportation de produits avicoles marocains : une bonne nouvelle !"},"content":{"rendered":"<p><span style=\"font-size: large;\"><span style=\"font-family: Calibri, Verdana, Helvetica, Arial;\"><span style=\"font-size: 11pt;\"><img loading=\"lazy\" decoding=\"async\" class=\"alignleft size-medium wp-image-405\" src=\"https:\/\/www.foodmagazine.ma\/wp-content\/uploads\/2017\/10\/IMG_0625-300x200.jpg\" alt=\"IMG_0625\" width=\"300\" height=\"200\" srcset=\"https:\/\/www.foodmagazine.ma\/wp-content\/uploads\/2017\/10\/IMG_0625-300x200.jpg 300w, https:\/\/www.foodmagazine.ma\/wp-content\/uploads\/2017\/10\/IMG_0625-768x512.jpg 768w, https:\/\/www.foodmagazine.ma\/wp-content\/uploads\/2017\/10\/IMG_0625.jpg 800w\" sizes=\"auto, (max-width: 300px) 100vw, 300px\" \/>La possibilit\u00e9 d\u2019exporter vers l\u2019Union Europ\u00e9enne des produits avicoles marocains trait\u00e9s thermiquement est un cheval de bataille de longue date pour la fili\u00e8re. Une nouvelle \u00e9tape vient d\u2019\u00eatre franchie suite \u00e0 l\u2019audit des services de l\u2019ONSSA, effectu\u00e9 par des experts de la Commission Europ\u00e9enne du 11 au 22 septembre 2017.<br \/>\nL\u2019audit a port\u00e9 sur l\u2019\u00e9valuation des plans de surveillance des r\u00e9sidus des m\u00e9dicaments v\u00e9t\u00e9rinaires, des pesticides et des contaminants de l\u2019environnement, le suivi de leur mise en \u0153uvre ainsi que l\u2019\u00e9valuation des comp\u00e9tences techniques des services v\u00e9t\u00e9rinaires de l\u2019ONSSA. Au programme : v\u00e9rification des mesures prises par l\u2019ONSSA en mati\u00e8re de s\u00e9curit\u00e9 sanitaire des viandes; visites de fermes, d\u2019abattoirs, d\u2019unit\u00e9s de transformation, etc. L\u2019ensemble de ces visites a eu pour objectif de v\u00e9rifier que les circuits de commercialisation et d\u2019utilisation des m\u00e9dicaments v\u00e9t\u00e9rinaires sont bien ma\u00eetris\u00e9s par les services v\u00e9t\u00e9rinaires de l\u2019ONSSA.<br \/>\nSelon l\u2019Office, \u00ab\u00a0cet audit, qui s\u2019est d\u00e9roul\u00e9 dans de bonnes conditions, vient compl\u00e9ter celui effectu\u00e9 par une pr\u00e9c\u00e9dente \u00e9quipe d\u2019experts europ\u00e9ens durant le mois de mars 2017 et ayant port\u00e9 sur l\u2019amont de la fili\u00e8re avicole. Un dernier audit est programm\u00e9 pour le mois de d\u00e9cembre 2017 pour \u00e9valuer l\u2019aval de la fili\u00e8re (\u00e9tablissements d\u2019abattage, de pr\u00e9paration et de transformation des viandes de volailles) et permettre \u00e9ventuellement l\u2019exportation des produits avicoles marocains.\u00a0\u00bb \u00c0 suivre donc !<br \/>\nSoulignons enfin que l\u2019audit de l\u2019ONSSA a \u00e9galement concern\u00e9 la v\u00e9rification de la mise en \u0153uvre du plan de surveillance des r\u00e9sidus dans l\u2019aquaculture, dont les produits sont autoris\u00e9s \u00e0 l\u2019export depuis 2004.<\/span><\/span><\/span><\/p>\n","protected":false},"excerpt":{"rendered":"<p>La possibilit\u00e9 d\u2019exporter vers l\u2019Union Europ\u00e9enne des produits avicoles marocains trait\u00e9s thermiquement est un cheval de bataille de longue date pour la fili\u00e8re. Une nouvelle \u00e9tape vient d\u2019\u00eatre franchie suite \u00e0 l\u2019audit des services de l\u2019ONSSA, effectu\u00e9 par des experts de la Commission Europ\u00e9enne du 11 au 22 septembre 2017. L\u2019audit a port\u00e9 sur l\u2019\u00e9valuation &hellip;<\/p>\n","protected":false},"author":1,"featured_media":405,"comment_status":"open","ping_status":"closed","sticky":false,"template":"","format":"standard","meta":{"footnotes":""},"categories":[6,2],"tags":[],"class_list":["post-403","post","type-post","status-publish","format-standard","has-post-thumbnail","","category-a-la-une","category-actus-maroc"],"aioseo_notices":[],"_links":{"self":[{"href":"https:\/\/www.foodmagazine.ma\/index.php?rest_route=\/wp\/v2\/posts\/403","targetHints":{"allow":["GET"]}}],"collection":[{"href":"https:\/\/www.foodmagazine.ma\/index.php?rest_route=\/wp\/v2\/posts"}],"about":[{"href":"https:\/\/www.foodmagazine.ma\/index.php?rest_route=\/wp\/v2\/types\/post"}],"author":[{"embeddable":true,"href":"https:\/\/www.foodmagazine.ma\/index.php?rest_route=\/wp\/v2\/users\/1"}],"replies":[{"embeddable":true,"href":"https:\/\/www.foodmagazine.ma\/index.php?rest_route=%2Fwp%2Fv2%2Fcomments&post=403"}],"version-history":[{"count":1,"href":"https:\/\/www.foodmagazine.ma\/index.php?rest_route=\/wp\/v2\/posts\/403\/revisions"}],"predecessor-version":[{"id":406,"href":"https:\/\/www.foodmagazine.ma\/index.php?rest_route=\/wp\/v2\/posts\/403\/revisions\/406"}],"wp:featuredmedia":[{"embeddable":true,"href":"https:\/\/www.foodmagazine.ma\/index.php?rest_route=\/wp\/v2\/media\/405"}],"wp:attachment":[{"href":"https:\/\/www.foodmagazine.ma\/index.php?rest_route=%2Fwp%2Fv2%2Fmedia&parent=403"}],"wp:term":[{"taxonomy":"category","embeddable":true,"href":"https:\/\/www.foodmagazine.ma\/index.php?rest_route=%2Fwp%2Fv2%2Fcategories&post=403"},{"taxonomy":"post_tag","embeddable":true,"href":"https:\/\/www.foodmagazine.ma\/index.php?rest_route=%2Fwp%2Fv2%2Ftags&post=403"}],"curies":[{"name":"wp","href":"https:\/\/api.w.org\/{rel}","templated":true}]}}