{"id":4129,"date":"2021-07-06T15:43:33","date_gmt":"2021-07-06T14:43:33","guid":{"rendered":"http:\/\/www.foodmagazine.ma\/?p=4129"},"modified":"2021-07-06T15:43:35","modified_gmt":"2021-07-06T14:43:35","slug":"tenue-de-la-147eme-session-du-conseil-dadministration-du-ciheam","status":"publish","type":"post","link":"https:\/\/www.foodmagazine.ma\/?p=4129","title":{"rendered":"Tenue de la 147\u00e8me session du Conseil d\u2019Administration du CIHEAM"},"content":{"rendered":"\n<figure class=\"wp-block-image size-large\"><img loading=\"lazy\" decoding=\"async\" width=\"1000\" height=\"443\" src=\"https:\/\/www.foodmagazine.ma\/wp-content\/uploads\/2021\/07\/Photo-CA147-CIHEAM_01.07.2021.jpg\" alt=\"\" class=\"wp-image-4130\" srcset=\"https:\/\/www.foodmagazine.ma\/wp-content\/uploads\/2021\/07\/Photo-CA147-CIHEAM_01.07.2021.jpg 1000w, https:\/\/www.foodmagazine.ma\/wp-content\/uploads\/2021\/07\/Photo-CA147-CIHEAM_01.07.2021-300x133.jpg 300w, https:\/\/www.foodmagazine.ma\/wp-content\/uploads\/2021\/07\/Photo-CA147-CIHEAM_01.07.2021-768x340.jpg 768w\" sizes=\"auto, (max-width: 1000px) 100vw, 1000px\" \/><\/figure>\n\n\n\n<p>La 147\u00e8me session du Conseil d\u2019Administration du Centre International des Hautes \u00c9tudes Agronomiques M\u00e9diterran\u00e9ennes (CIHEAM) a \u00e9t\u00e9 tenue ce 1er juillet 2021 par visioconf\u00e9rence depuis Rabat. Pr\u00e9sid\u00e9e par Mohammed Sadiki, Secr\u00e9taire G\u00e9n\u00e9ral du d\u00e9partement de l\u2019Agriculture au sein du Minist\u00e8re de l\u2019Agriculture, de la P\u00eache Maritime, du D\u00e9veloppement Rural et des Eaux et For\u00eats, et \u00e9galement Pr\u00e9sident du CIHEAM, cette r\u00e9union a \u00e9t\u00e9 l\u2019occasion d\u2019entamer des \u00e9changes sur la conduite des activit\u00e9s du CIHEAM et sur la proc\u00e9dure d\u2019accr\u00e9ditation en cours pour la coop\u00e9ration d\u00e9l\u00e9gu\u00e9e aupr\u00e8s de la Commission Europ\u00e9enne.<\/p>\n\n\n\n<p>Par ailleurs, lors de cette 147\u00e8me session, Pr Lamiae Ghaouti, Enseignante Chercheure \u00e0 l\u2019Institut Agronomique V\u00e9t\u00e9rinaire Hassan II (IAV), a \u00e9t\u00e9 d\u00e9sign\u00e9e \u00e0 l\u2019unanimit\u00e9 par les membres du comit\u00e9 pour remplir les fonctions de Pr\u00e9sidente du Comit\u00e9 Consultatif du CIHEAM.<\/p>\n\n\n\n<p>En outre, le Pr\u00e9sident du Conseil ainsi que les d\u00e9l\u00e9gations des \u00c9tats membres ont tenu \u00e0 saluer lors de cette session la mobilisation du Secr\u00e9taire g\u00e9n\u00e9ral et des Directeurs des instituts pour leur engagement \u00e0 assurer autant que possible la continuit\u00e9 et l\u2019efficacit\u00e9 des services malgr\u00e9 les difficult\u00e9s impos\u00e9es par la pand\u00e9mie du Covid-19. Entre autres, le Pr\u00e9sident a aussi rappel\u00e9 l\u2019importance des projets en cours en faveur de l\u2019autonomisation et l\u2019inclusion des jeunes et des femmes, des syst\u00e8mes alimentaires et de la gestion des zones c\u00f4ti\u00e8res et de la p\u00eache.<\/p>\n\n\n\n<p>En dernier lieu, cette session a aussi \u00e9t\u00e9 l\u2019occasion d\u2019annoncer que le Maroc organisera, au printemps 2022, la 12\u00e8me r\u00e9union des Minist\u00e8res de l\u2019Agriculture des \u00c9tats membres du CIHEAM, qui co\u00efncidera avec la c\u00e9l\u00e9bration des 60 ans du CIHEAM.<\/p>\n","protected":false},"excerpt":{"rendered":"<p>La 147\u00e8me session du Conseil d\u2019Administration du Centre International des Hautes \u00c9tudes Agronomiques M\u00e9diterran\u00e9ennes (CIHEAM) a \u00e9t\u00e9 tenue ce 1er juillet 2021 par visioconf\u00e9rence depuis Rabat. Pr\u00e9sid\u00e9e par Mohammed Sadiki, Secr\u00e9taire G\u00e9n\u00e9ral du d\u00e9partement de l\u2019Agriculture au sein du Minist\u00e8re de l\u2019Agriculture, de la P\u00eache Maritime, du D\u00e9veloppement Rural et des Eaux et For\u00eats, et &hellip;<\/p>\n","protected":false},"author":1,"featured_media":4130,"comment_status":"open","ping_status":"closed","sticky":false,"template":"","format":"standard","meta":{"footnotes":""},"categories":[6,2],"tags":[],"class_list":["post-4129","post","type-post","status-publish","format-standard","has-post-thumbnail","","category-a-la-une","category-actus-maroc"],"aioseo_notices":[],"_links":{"self":[{"href":"https:\/\/www.foodmagazine.ma\/index.php?rest_route=\/wp\/v2\/posts\/4129","targetHints":{"allow":["GET"]}}],"collection":[{"href":"https:\/\/www.foodmagazine.ma\/index.php?rest_route=\/wp\/v2\/posts"}],"about":[{"href":"https:\/\/www.foodmagazine.ma\/index.php?rest_route=\/wp\/v2\/types\/post"}],"author":[{"embeddable":true,"href":"https:\/\/www.foodmagazine.ma\/index.php?rest_route=\/wp\/v2\/users\/1"}],"replies":[{"embeddable":true,"href":"https:\/\/www.foodmagazine.ma\/index.php?rest_route=%2Fwp%2Fv2%2Fcomments&post=4129"}],"version-history":[{"count":1,"href":"https:\/\/www.foodmagazine.ma\/index.php?rest_route=\/wp\/v2\/posts\/4129\/revisions"}],"predecessor-version":[{"id":4131,"href":"https:\/\/www.foodmagazine.ma\/index.php?rest_route=\/wp\/v2\/posts\/4129\/revisions\/4131"}],"wp:featuredmedia":[{"embeddable":true,"href":"https:\/\/www.foodmagazine.ma\/index.php?rest_route=\/wp\/v2\/media\/4130"}],"wp:attachment":[{"href":"https:\/\/www.foodmagazine.ma\/index.php?rest_route=%2Fwp%2Fv2%2Fmedia&parent=4129"}],"wp:term":[{"taxonomy":"category","embeddable":true,"href":"https:\/\/www.foodmagazine.ma\/index.php?rest_route=%2Fwp%2Fv2%2Fcategories&post=4129"},{"taxonomy":"post_tag","embeddable":true,"href":"https:\/\/www.foodmagazine.ma\/index.php?rest_route=%2Fwp%2Fv2%2Ftags&post=4129"}],"curies":[{"name":"wp","href":"https:\/\/api.w.org\/{rel}","templated":true}]}}