{"id":417,"date":"2017-10-30T13:47:53","date_gmt":"2017-10-30T12:47:53","guid":{"rendered":"http:\/\/www.foodmagazine.ma\/?p=417"},"modified":"2017-10-30T13:47:53","modified_gmt":"2017-10-30T12:47:53","slug":"plan-maroc-vert-visites-ministerielles-pour-la-verification-de-letat-davancement-des-projets","status":"publish","type":"post","link":"https:\/\/www.foodmagazine.ma\/?p=417","title":{"rendered":"Plan Maroc Vert. Visites minist\u00e9rielles pour la v\u00e9rification de l\u2019\u00e9tat d\u2019avancement des projets"},"content":{"rendered":"<p class=\"p1\"><span class=\"s1\"><img loading=\"lazy\" decoding=\"async\" class=\"alignleft size-medium wp-image-418\" src=\"https:\/\/www.foodmagazine.ma\/wp-content\/uploads\/2017\/10\/Plan-Maroc-Vert--300x200.jpg\" alt=\"Plan-Maroc-Vert-\" width=\"300\" height=\"200\" srcset=\"https:\/\/www.foodmagazine.ma\/wp-content\/uploads\/2017\/10\/Plan-Maroc-Vert--300x200.jpg 300w, https:\/\/www.foodmagazine.ma\/wp-content\/uploads\/2017\/10\/Plan-Maroc-Vert--768x512.jpg 768w, https:\/\/www.foodmagazine.ma\/wp-content\/uploads\/2017\/10\/Plan-Maroc-Vert--1024x682.jpg 1024w, https:\/\/www.foodmagazine.ma\/wp-content\/uploads\/2017\/10\/Plan-Maroc-Vert-.jpg 1280w\" sizes=\"auto, (max-width: 300px) 100vw, 300px\" \/>Le Ministre de tutelle Aziz Akhannouch a organis\u00e9 le 15 ao\u00fbt dernier des visites de terrain dans la r\u00e9gion de Ouarzazate pour s\u2019assurer du bon d\u00e9roulement des diff\u00e9rents projets lanc\u00e9s dans le cadre du Plan Maroc Vert. Parmi les projets visit\u00e9s, citons une unit\u00e9 de d\u00e9coupage, de transformation et de commercialisation des viandes dans la r\u00e9gion, qui a n\u00e9cessit\u00e9 un investissement priv\u00e9 de 18,9 millions de DH et qui s\u2019\u00e9tale sur une superficie de 2.500 m\u00b2. Ce projet permettra d\u2019accroitre la capacit\u00e9 de production \u00e0 environ 50 T\/jour et de cr\u00e9er 600 nouveaux emplois. <\/span><\/p>\n<p class=\"p1\"><span class=\"s1\">Dans une seconde \u00e9tape, M. Akhannouch, accompagn\u00e9 du Ministre de l\u2019Education Nationale de la Formation Professionnelle, de l&#8217;Enseignement Sup\u00e9rieur et de la Recherche Scientifique, a v\u00e9rifi\u00e9 l\u2019\u00e9tat d\u2019avancement d\u2019un programme pour le d\u00e9veloppement des zones pastorales, visant \u00e0 am\u00e9liorer les chemins pastoraux, \u00e0 assurer leur durabilit\u00e9 et \u00e0 prot\u00e9ger les ressources animales. Dans le cadre de ce programme qui s&#8217;\u00e9tend \u00e0 l&#8217;horizon 2020, et qui est port\u00e9 par un investissement de 125 millions de DH, un certain nombre de parcours pastoraux ont \u00e9t\u00e9 mis en place dans les r\u00e9gions d\u2019Ait Sedrate et Iknioun. Le projet porte \u00e9galement sur le lancement du programme de protection et de d\u00e9veloppement d\u2019une race locale, l\u2019achat d\u2019\u00e9quipement pour la valorisation de la laine de mouton ainsi qu\u2019un programme pour la collecte, la conservation et la multiplication des semences pastorales.<\/span><\/p>\n<p class=\"p1\"><span class=\"s1\">Enfin, les deux Ministres se sont arr\u00eat\u00e9s sur les d\u00e9tails du projet du d\u00e9veloppement rural dans les montagnes de l\u2019Atlas, \u00e0 savoir les r\u00e9gions de Tinghir, Ouarzazate et Beni mellal, qui vise \u00e0 am\u00e9liorer les conditions de vie des habitants et am\u00e9liorer leurs revenus, \u00e0 valoriser des produits agricoles et \u00e0 faciliter l\u2019acc\u00e8s au march\u00e9. Ce projet sera lanc\u00e9 en septembre 2017 et s\u2019\u00e9tendra \u00e0 horizon 2023. Environ 162.750 personnes en b\u00e9n\u00e9ficieront pour un montant total de 598 millions de DH. <\/span><\/p>\n","protected":false},"excerpt":{"rendered":"<p>Le Ministre de tutelle Aziz Akhannouch a organis\u00e9 le 15 ao\u00fbt dernier des visites de terrain dans la r\u00e9gion de Ouarzazate pour s\u2019assurer du bon d\u00e9roulement des diff\u00e9rents projets lanc\u00e9s dans le cadre du Plan Maroc Vert. Parmi les projets visit\u00e9s, citons une unit\u00e9 de d\u00e9coupage, de transformation et de commercialisation des viandes dans la &hellip;<\/p>\n","protected":false},"author":1,"featured_media":418,"comment_status":"open","ping_status":"closed","sticky":false,"template":"","format":"standard","meta":{"footnotes":""},"categories":[6,2],"tags":[],"class_list":["post-417","post","type-post","status-publish","format-standard","has-post-thumbnail","","category-a-la-une","category-actus-maroc"],"aioseo_notices":[],"_links":{"self":[{"href":"https:\/\/www.foodmagazine.ma\/index.php?rest_route=\/wp\/v2\/posts\/417","targetHints":{"allow":["GET"]}}],"collection":[{"href":"https:\/\/www.foodmagazine.ma\/index.php?rest_route=\/wp\/v2\/posts"}],"about":[{"href":"https:\/\/www.foodmagazine.ma\/index.php?rest_route=\/wp\/v2\/types\/post"}],"author":[{"embeddable":true,"href":"https:\/\/www.foodmagazine.ma\/index.php?rest_route=\/wp\/v2\/users\/1"}],"replies":[{"embeddable":true,"href":"https:\/\/www.foodmagazine.ma\/index.php?rest_route=%2Fwp%2Fv2%2Fcomments&post=417"}],"version-history":[{"count":1,"href":"https:\/\/www.foodmagazine.ma\/index.php?rest_route=\/wp\/v2\/posts\/417\/revisions"}],"predecessor-version":[{"id":419,"href":"https:\/\/www.foodmagazine.ma\/index.php?rest_route=\/wp\/v2\/posts\/417\/revisions\/419"}],"wp:featuredmedia":[{"embeddable":true,"href":"https:\/\/www.foodmagazine.ma\/index.php?rest_route=\/wp\/v2\/media\/418"}],"wp:attachment":[{"href":"https:\/\/www.foodmagazine.ma\/index.php?rest_route=%2Fwp%2Fv2%2Fmedia&parent=417"}],"wp:term":[{"taxonomy":"category","embeddable":true,"href":"https:\/\/www.foodmagazine.ma\/index.php?rest_route=%2Fwp%2Fv2%2Fcategories&post=417"},{"taxonomy":"post_tag","embeddable":true,"href":"https:\/\/www.foodmagazine.ma\/index.php?rest_route=%2Fwp%2Fv2%2Ftags&post=417"}],"curies":[{"name":"wp","href":"https:\/\/api.w.org\/{rel}","templated":true}]}}