{"id":4313,"date":"2021-08-24T12:22:37","date_gmt":"2021-08-24T11:22:37","guid":{"rendered":"http:\/\/www.foodmagazine.ma\/?p=4313"},"modified":"2021-08-24T12:22:39","modified_gmt":"2021-08-24T11:22:39","slug":"kamal-ben-khaled-president-de-la-ficopam-est-le-nouveau-president-de-la-ccis-marrakech-safi","status":"publish","type":"post","link":"https:\/\/www.foodmagazine.ma\/?p=4313","title":{"rendered":"Kamal Ben Khaled, pr\u00e9sident de la FICOPAM, est le nouveau pr\u00e9sident de la CCIS Marrakech Safi"},"content":{"rendered":"\n<figure class=\"wp-block-image size-large\"><img loading=\"lazy\" decoding=\"async\" width=\"1000\" height=\"615\" src=\"https:\/\/www.foodmagazine.ma\/wp-content\/uploads\/2021\/08\/kamal-benkhaled.jpg\" alt=\"\" class=\"wp-image-4314\" srcset=\"https:\/\/www.foodmagazine.ma\/wp-content\/uploads\/2021\/08\/kamal-benkhaled.jpg 1000w, https:\/\/www.foodmagazine.ma\/wp-content\/uploads\/2021\/08\/kamal-benkhaled-300x185.jpg 300w, https:\/\/www.foodmagazine.ma\/wp-content\/uploads\/2021\/08\/kamal-benkhaled-768x472.jpg 768w\" sizes=\"auto, (max-width: 1000px) 100vw, 1000px\" \/><\/figure>\n\n\n\n<p>Dans le cadre des \u00e9lections \u00e0 la pr\u00e9sidence de la Chambre de Commerce, d&#8217;Industrie et des Services (CCIS) de la r\u00e9gion Marrakech-Safi, Kamal Ben Khaled, PDG de la soci\u00e9t\u00e9 FRAMACO et actuel pr\u00e9sident de la F\u00e9d\u00e9ration des industries de la conserve des produits agricoles du Maroc (FICOPAM) a \u00e9t\u00e9 \u00e9lu pr\u00e9sident.<\/p>\n\n\n\n<p>En effet, le candidat du Rassemblement National des Ind\u00e9pendants (RNI) s\u2019est attribu\u00e9 la part du lion en arrivant en t\u00eate avec plus de 90 voix devant Soufiane Jiyar du Parti des N\u00e9o-D\u00e9mocrates (5 voix).<\/p>\n\n\n\n<p>Le nouveau bureau administratif de la CCIS-MS pr\u00e9sid\u00e9 par M. Ben Khaled aura pour objectif de continuer \u00e0 remplir les missions du CCIS-MS, telles que la cr\u00e9ation de services permettant d\u2019encourager l\u2019investissement et la promotion de l\u2019\u00e9conomie locale et nationale ou encore la contribution au d\u00e9veloppement \u00e9conomique et \u00e0 la promotion professionnelle des ressortissants dans son territoire.<\/p>\n","protected":false},"excerpt":{"rendered":"<p>Dans le cadre des \u00e9lections \u00e0 la pr\u00e9sidence de la Chambre de Commerce, d&#8217;Industrie et des Services (CCIS) de la r\u00e9gion Marrakech-Safi, Kamal Ben Khaled, PDG de la soci\u00e9t\u00e9 FRAMACO et actuel pr\u00e9sident de la F\u00e9d\u00e9ration des industries de la conserve des produits agricoles du Maroc (FICOPAM) a \u00e9t\u00e9 \u00e9lu pr\u00e9sident. En effet, le candidat &hellip;<\/p>\n","protected":false},"author":1,"featured_media":4314,"comment_status":"open","ping_status":"closed","sticky":false,"template":"","format":"standard","meta":{"footnotes":""},"categories":[6,2],"tags":[],"class_list":["post-4313","post","type-post","status-publish","format-standard","has-post-thumbnail","","category-a-la-une","category-actus-maroc"],"aioseo_notices":[],"_links":{"self":[{"href":"https:\/\/www.foodmagazine.ma\/index.php?rest_route=\/wp\/v2\/posts\/4313","targetHints":{"allow":["GET"]}}],"collection":[{"href":"https:\/\/www.foodmagazine.ma\/index.php?rest_route=\/wp\/v2\/posts"}],"about":[{"href":"https:\/\/www.foodmagazine.ma\/index.php?rest_route=\/wp\/v2\/types\/post"}],"author":[{"embeddable":true,"href":"https:\/\/www.foodmagazine.ma\/index.php?rest_route=\/wp\/v2\/users\/1"}],"replies":[{"embeddable":true,"href":"https:\/\/www.foodmagazine.ma\/index.php?rest_route=%2Fwp%2Fv2%2Fcomments&post=4313"}],"version-history":[{"count":1,"href":"https:\/\/www.foodmagazine.ma\/index.php?rest_route=\/wp\/v2\/posts\/4313\/revisions"}],"predecessor-version":[{"id":4315,"href":"https:\/\/www.foodmagazine.ma\/index.php?rest_route=\/wp\/v2\/posts\/4313\/revisions\/4315"}],"wp:featuredmedia":[{"embeddable":true,"href":"https:\/\/www.foodmagazine.ma\/index.php?rest_route=\/wp\/v2\/media\/4314"}],"wp:attachment":[{"href":"https:\/\/www.foodmagazine.ma\/index.php?rest_route=%2Fwp%2Fv2%2Fmedia&parent=4313"}],"wp:term":[{"taxonomy":"category","embeddable":true,"href":"https:\/\/www.foodmagazine.ma\/index.php?rest_route=%2Fwp%2Fv2%2Fcategories&post=4313"},{"taxonomy":"post_tag","embeddable":true,"href":"https:\/\/www.foodmagazine.ma\/index.php?rest_route=%2Fwp%2Fv2%2Ftags&post=4313"}],"curies":[{"name":"wp","href":"https:\/\/api.w.org\/{rel}","templated":true}]}}