{"id":4336,"date":"2021-08-31T12:26:49","date_gmt":"2021-08-31T11:26:49","guid":{"rendered":"http:\/\/www.foodmagazine.ma\/?p=4336"},"modified":"2021-08-31T12:26:51","modified_gmt":"2021-08-31T11:26:51","slug":"lancien-directeur-du-cri-souss-massa-khalil-nazih-nest-plu","status":"publish","type":"post","link":"https:\/\/www.foodmagazine.ma\/?p=4336","title":{"rendered":"L\u2019ancien Directeur du CRI Souss Massa, Khalil Nazih, n\u2019est plu"},"content":{"rendered":"\n<figure class=\"wp-block-image size-large\"><img loading=\"lazy\" decoding=\"async\" width=\"1000\" height=\"613\" src=\"https:\/\/www.foodmagazine.ma\/wp-content\/uploads\/2021\/08\/Nazih.jpg\" alt=\"\" class=\"wp-image-4337\" srcset=\"https:\/\/www.foodmagazine.ma\/wp-content\/uploads\/2021\/08\/Nazih.jpg 1000w, https:\/\/www.foodmagazine.ma\/wp-content\/uploads\/2021\/08\/Nazih-300x184.jpg 300w, https:\/\/www.foodmagazine.ma\/wp-content\/uploads\/2021\/08\/Nazih-768x471.jpg 768w\" sizes=\"auto, (max-width: 1000px) 100vw, 1000px\" \/><\/figure>\n\n\n\n<p>C\u2019est avec chagrin que nous portons \u00e0 la connaissance de nos lecteurs la triste nouvelle du d\u00e9c\u00e8s de Khalil Nazih, ancien Directeur g\u00e9n\u00e9ral du Centre R\u00e9gional d\u2019Investissement de Souss-Massa.<\/p>\n\n\n\n<p>Durant toutes les ann\u00e9es qu\u2019il a pass\u00e9es \u00e0 la t\u00eate du CRI Souss-Massa, Feu Khalil Nazih \u00e9tait reconnu pour son dynamisme, son professionnalisme et sa r\u00e9elle volont\u00e9 de d\u00e9velopper l\u2019investissement dans la r\u00e9gion de Souss Massa, en accompagnant les promoteurs et investisseurs dans la r\u00e9alisation de leurs projets tout en leur facilitant les t\u00e2ches administratives.<\/p>\n\n\n\n<p>En cette douloureuse \u00e9preuve, nous exprimons aux membres de la famille du d\u00e9funt, ainsi qu\u2019\u00e0 ses proches et amis, toutes nos sinc\u00e8res condol\u00e9ances et nous prions le Tr\u00e8s Haut d\u2019entourer le d\u00e9funt de sa sainte mis\u00e9ricorde et de l\u2019accueillir dans son vaste Paradis.<\/p>\n","protected":false},"excerpt":{"rendered":"<p>C\u2019est avec chagrin que nous portons \u00e0 la connaissance de nos lecteurs la triste nouvelle du d\u00e9c\u00e8s de Khalil Nazih, ancien Directeur g\u00e9n\u00e9ral du Centre R\u00e9gional d\u2019Investissement de Souss-Massa. Durant toutes les ann\u00e9es qu\u2019il a pass\u00e9es \u00e0 la t\u00eate du CRI Souss-Massa, Feu Khalil Nazih \u00e9tait reconnu pour son dynamisme, son professionnalisme et sa r\u00e9elle &hellip;<\/p>\n","protected":false},"author":1,"featured_media":4337,"comment_status":"open","ping_status":"closed","sticky":false,"template":"","format":"standard","meta":{"footnotes":""},"categories":[6,2],"tags":[],"class_list":["post-4336","post","type-post","status-publish","format-standard","has-post-thumbnail","","category-a-la-une","category-actus-maroc"],"aioseo_notices":[],"_links":{"self":[{"href":"https:\/\/www.foodmagazine.ma\/index.php?rest_route=\/wp\/v2\/posts\/4336","targetHints":{"allow":["GET"]}}],"collection":[{"href":"https:\/\/www.foodmagazine.ma\/index.php?rest_route=\/wp\/v2\/posts"}],"about":[{"href":"https:\/\/www.foodmagazine.ma\/index.php?rest_route=\/wp\/v2\/types\/post"}],"author":[{"embeddable":true,"href":"https:\/\/www.foodmagazine.ma\/index.php?rest_route=\/wp\/v2\/users\/1"}],"replies":[{"embeddable":true,"href":"https:\/\/www.foodmagazine.ma\/index.php?rest_route=%2Fwp%2Fv2%2Fcomments&post=4336"}],"version-history":[{"count":1,"href":"https:\/\/www.foodmagazine.ma\/index.php?rest_route=\/wp\/v2\/posts\/4336\/revisions"}],"predecessor-version":[{"id":4338,"href":"https:\/\/www.foodmagazine.ma\/index.php?rest_route=\/wp\/v2\/posts\/4336\/revisions\/4338"}],"wp:featuredmedia":[{"embeddable":true,"href":"https:\/\/www.foodmagazine.ma\/index.php?rest_route=\/wp\/v2\/media\/4337"}],"wp:attachment":[{"href":"https:\/\/www.foodmagazine.ma\/index.php?rest_route=%2Fwp%2Fv2%2Fmedia&parent=4336"}],"wp:term":[{"taxonomy":"category","embeddable":true,"href":"https:\/\/www.foodmagazine.ma\/index.php?rest_route=%2Fwp%2Fv2%2Fcategories&post=4336"},{"taxonomy":"post_tag","embeddable":true,"href":"https:\/\/www.foodmagazine.ma\/index.php?rest_route=%2Fwp%2Fv2%2Ftags&post=4336"}],"curies":[{"name":"wp","href":"https:\/\/api.w.org\/{rel}","templated":true}]}}