{"id":4452,"date":"2021-09-28T12:21:24","date_gmt":"2021-09-28T11:21:24","guid":{"rendered":"http:\/\/www.foodmagazine.ma\/?p=4452"},"modified":"2021-09-28T12:21:26","modified_gmt":"2021-09-28T11:21:26","slug":"une-collaboration-tripartite-pour-le-developpement-du-secteur-prive-au-maroc","status":"publish","type":"post","link":"https:\/\/www.foodmagazine.ma\/?p=4452","title":{"rendered":"Une collaboration tripartite pour le d\u00e9veloppement du secteur priv\u00e9 au Maroc"},"content":{"rendered":"\n<figure class=\"wp-block-image size-large\"><img loading=\"lazy\" decoding=\"async\" width=\"1000\" height=\"658\" src=\"https:\/\/www.foodmagazine.ma\/wp-content\/uploads\/2021\/09\/RAPPORT-BAD-BEI-EBRD-.-DEVELOPPEMENT-SECTEUR-PRIVE-AU-MAROC-09.21-1.jpg\" alt=\"\" class=\"wp-image-4453\" srcset=\"https:\/\/www.foodmagazine.ma\/wp-content\/uploads\/2021\/09\/RAPPORT-BAD-BEI-EBRD-.-DEVELOPPEMENT-SECTEUR-PRIVE-AU-MAROC-09.21-1.jpg 1000w, https:\/\/www.foodmagazine.ma\/wp-content\/uploads\/2021\/09\/RAPPORT-BAD-BEI-EBRD-.-DEVELOPPEMENT-SECTEUR-PRIVE-AU-MAROC-09.21-1-300x197.jpg 300w, https:\/\/www.foodmagazine.ma\/wp-content\/uploads\/2021\/09\/RAPPORT-BAD-BEI-EBRD-.-DEVELOPPEMENT-SECTEUR-PRIVE-AU-MAROC-09.21-1-768x505.jpg 768w, https:\/\/www.foodmagazine.ma\/wp-content\/uploads\/2021\/09\/RAPPORT-BAD-BEI-EBRD-.-DEVELOPPEMENT-SECTEUR-PRIVE-AU-MAROC-09.21-1-310x205.jpg 310w\" sizes=\"auto, (max-width: 1000px) 100vw, 1000px\" \/><\/figure>\n\n\n\n<p>La Banque europ\u00e9enne pour la reconstruction et le d\u00e9veloppement (BERD) a organis\u00e9 en partenariat avec la Banque Africaine de d\u00e9veloppement (AFDB) et la Banque Europ\u00e9enne d\u2019investissement (BEI) une conf\u00e9rence \u00e0 l\u2019occasion de la pr\u00e9sentation de leur premier rapport tripartite ayant pour th\u00e9matique : \u00ab D\u00e9veloppement du secteur priv\u00e9 au Maroc : d\u00e9fis et opportunit\u00e9s en temps de pand\u00e9mie de Covid-19 \u00bb.<\/p>\n\n\n\n<p>Plusieurs personnalit\u00e9s du secteur priv\u00e9 au Maroc ont particip\u00e9 au d\u00e9bat concernant ce rapport qui, rappelons-le, est le fruit d\u2019une collaboration entre la BERD, l\u2019AFDB et la BEI. Ce document esquisse les d\u00e9fis \u00e0 relever et les opportunit\u00e9s par les entreprises marocaines dans le contexte de crise actuel, et appelle \u00e0 acc\u00e9l\u00e9rer la mise en \u0153uvre de la strat\u00e9gie nationale d\u2019inclusion financi\u00e8re.<\/p>\n\n\n\n<p>Achraf Tarsim, Responsable-pays du bureau de l\u2019AFDB au Maroc, a d\u00e9clar\u00e9 lors de son allocution d\u2019ouverture : \u00ab <em>ce rapport est la premi<\/em><em>\u00e8<\/em><em>re collaboration de ce<\/em><em> genre. Il balise la r<\/em><em>\u00e9flexion quant au r\u00f4le du secteur priv\u00e9 marocain dans la dynamique de croissance, de r\u00e9silience et donc de relance \u00e9conomique. Cela pour contribuer \u00e0 la mise en \u0153uvre du nouveau mod<\/em><em>\u00e8<\/em><em>le de d\u00e9veloppement du Royaume et consacrer sa triple ambition de d\u00e9veloppement durable, de progr<\/em><em>\u00e8<\/em><em>s social et d\u2019\u00e9mergence que nous soutenons avec des op\u00e9rations d<\/em><em>\u2019<\/em><em>envergure.<\/em> \u00bb<\/p>\n\n\n\n<p>De son c\u00f4t\u00e9, Anna Barone, Cheffe de la repr\u00e9sentation de la BEI au Maroc, a indiqu\u00e9 : \u00ab <em>nous sommes ravis de pr\u00e9senter ce rapport conjoint et ses conclusions confirmant l<\/em><em>\u2019<\/em><em>importance de soutenir le d\u00e9veloppement du secteur priv\u00e9 au Maroc, en facilitant l<\/em><em>\u2019<\/em><em>acc\u00e8<\/em><em>s au financement aux plus petites entreprises, notamment celles de l\u2019\u00e9conomie rurale, pour acc\u00e9l\u00e9rer le processus d<\/em><em>\u2019<\/em><em>inclusion \u00e9conomique, financi<\/em><em>\u00e8<\/em><em>re et sociale de toute la population. Avec le soutien du plan \u00e9conomique et d&#8217;investissement de l&#8217;Union Europ\u00e9enne, la Banque europ\u00e9enne d<\/em><em>\u2019<\/em><em>investissement est fortement mobilis\u00e9e aux c\u00f4t\u00e9s de ses partenaires pour soutenir une reprise rapide, durable et inclusive pour tous. <\/em>\u00bb<\/p>\n\n\n\n<p>La principale conclusion du rapport est que le secteur priv\u00e9 marocain a une v\u00e9ritable carte \u00e0 jouer dans la reprise \u00e9conomique du Royaume.&nbsp;<\/p>\n","protected":false},"excerpt":{"rendered":"<p>La Banque europ\u00e9enne pour la reconstruction et le d\u00e9veloppement (BERD) a organis\u00e9 en partenariat avec la Banque Africaine de d\u00e9veloppement (AFDB) et la Banque Europ\u00e9enne d\u2019investissement (BEI) une conf\u00e9rence \u00e0 l\u2019occasion de la pr\u00e9sentation de leur premier rapport tripartite ayant pour th\u00e9matique : \u00ab D\u00e9veloppement du secteur priv\u00e9 au Maroc : d\u00e9fis et opportunit\u00e9s en &hellip;<\/p>\n","protected":false},"author":1,"featured_media":4453,"comment_status":"open","ping_status":"closed","sticky":false,"template":"","format":"standard","meta":{"footnotes":""},"categories":[6,2],"tags":[],"class_list":["post-4452","post","type-post","status-publish","format-standard","has-post-thumbnail","","category-a-la-une","category-actus-maroc"],"aioseo_notices":[],"_links":{"self":[{"href":"https:\/\/www.foodmagazine.ma\/index.php?rest_route=\/wp\/v2\/posts\/4452","targetHints":{"allow":["GET"]}}],"collection":[{"href":"https:\/\/www.foodmagazine.ma\/index.php?rest_route=\/wp\/v2\/posts"}],"about":[{"href":"https:\/\/www.foodmagazine.ma\/index.php?rest_route=\/wp\/v2\/types\/post"}],"author":[{"embeddable":true,"href":"https:\/\/www.foodmagazine.ma\/index.php?rest_route=\/wp\/v2\/users\/1"}],"replies":[{"embeddable":true,"href":"https:\/\/www.foodmagazine.ma\/index.php?rest_route=%2Fwp%2Fv2%2Fcomments&post=4452"}],"version-history":[{"count":1,"href":"https:\/\/www.foodmagazine.ma\/index.php?rest_route=\/wp\/v2\/posts\/4452\/revisions"}],"predecessor-version":[{"id":4454,"href":"https:\/\/www.foodmagazine.ma\/index.php?rest_route=\/wp\/v2\/posts\/4452\/revisions\/4454"}],"wp:featuredmedia":[{"embeddable":true,"href":"https:\/\/www.foodmagazine.ma\/index.php?rest_route=\/wp\/v2\/media\/4453"}],"wp:attachment":[{"href":"https:\/\/www.foodmagazine.ma\/index.php?rest_route=%2Fwp%2Fv2%2Fmedia&parent=4452"}],"wp:term":[{"taxonomy":"category","embeddable":true,"href":"https:\/\/www.foodmagazine.ma\/index.php?rest_route=%2Fwp%2Fv2%2Fcategories&post=4452"},{"taxonomy":"post_tag","embeddable":true,"href":"https:\/\/www.foodmagazine.ma\/index.php?rest_route=%2Fwp%2Fv2%2Ftags&post=4452"}],"curies":[{"name":"wp","href":"https:\/\/api.w.org\/{rel}","templated":true}]}}