{"id":4942,"date":"2021-12-07T11:41:20","date_gmt":"2021-12-07T10:41:20","guid":{"rendered":"http:\/\/www.foodmagazine.ma\/?p=4942"},"modified":"2021-12-07T14:07:09","modified_gmt":"2021-12-07T13:07:09","slug":"mohammed-sadiki-donne-le-top-depart-pour-une-agregation-nouvelle-generation","status":"publish","type":"post","link":"https:\/\/www.foodmagazine.ma\/?p=4942","title":{"rendered":"Mohammed Sadiki donne le top d\u00e9part pour une agr\u00e9gation \u00ab nouvelle g\u00e9n\u00e9ration \u00bb !"},"content":{"rendered":"\n<figure class=\"wp-block-image size-large\"><img loading=\"lazy\" decoding=\"async\" width=\"1000\" height=\"666\" src=\"https:\/\/www.foodmagazine.ma\/wp-content\/uploads\/2021\/12\/WhatsApp-Image-2021-11-30-at-11.47.23-3.jpg\" alt=\"\" class=\"wp-image-4944\" srcset=\"https:\/\/www.foodmagazine.ma\/wp-content\/uploads\/2021\/12\/WhatsApp-Image-2021-11-30-at-11.47.23-3.jpg 1000w, https:\/\/www.foodmagazine.ma\/wp-content\/uploads\/2021\/12\/WhatsApp-Image-2021-11-30-at-11.47.23-3-300x200.jpg 300w, https:\/\/www.foodmagazine.ma\/wp-content\/uploads\/2021\/12\/WhatsApp-Image-2021-11-30-at-11.47.23-3-768x511.jpg 768w, https:\/\/www.foodmagazine.ma\/wp-content\/uploads\/2021\/12\/WhatsApp-Image-2021-11-30-at-11.47.23-3-310x205.jpg 310w\" sizes=\"auto, (max-width: 1000px) 100vw, 1000px\" \/><\/figure>\n\n\n\n<p>Le 30 novembre 2021, le ministre de l\u2019agriculture Mohammed Sadiki a donn\u00e9 le coup d\u2019envoi officiel du roadshow national sur l\u2019agr\u00e9gation agricole \u00ab nouvelle g\u00e9n\u00e9ration \u00bb, en pr\u00e9sence de nombreux investisseurs et agro-industriels, de repr\u00e9sentants des interprofessions et de responsables institutionnels. L\u2019objectif de cet \u00e9v\u00e9nement pilot\u00e9 par l\u2019Agence de d\u00e9veloppement agricole (ADA) \u00e9tait de mobiliser et sensibiliser les acteurs afin de dynamiser cette approche. Selon Mohammed Sadiki, cette nouvelle g\u00e9n\u00e9ration de projets aura pour mission de jouer un r\u00f4le de p\u00f4les r\u00e9gionaux et nationaux de transmission des nouvelles technologies, notamment aux petits et moyens agriculteurs. D\u2019ores et d\u00e9j\u00e0, le minist\u00e8re indique avoir identit\u00e9 plus de 200 projets d\u2019agr\u00e9gation nouvelle g\u00e9n\u00e9ration dans le cadre de la mise en \u0153uvre de G\u00e9n\u00e9ration Green 2020-2030.<\/p>\n\n\n\n<p>Des projets qui s\u2019inscriront dans les deux fondements de la nouvelle strat\u00e9gie agricole. Pour le premier (l\u2019humain), le nouveau dispositif, en faisant la promotion et en essaimant de nouveaux mod\u00e8les d\u2019organisation, de coop\u00e9ratives et de groupements, combine valeur \u00e9conomique et valeur sociale. Concernant le deuxi\u00e8me fondement (p\u00e9rennisation du d\u00e9veloppement agricole et consolidation d\u2019une agriculture r\u00e9siliente et \u00e9co-efficiente), \u00ab <em>ce mod\u00e8le ambitionne de propulser vers l\u2019avant des projets d\u2019agr\u00e9gation innovants autour des chaines de valeur, permettant d\u2019\u00e9tendre l\u2019encadrement, l\u2019acc\u00e8s \u00e0 la technologie, \u00e0 la valorisation et aux circuits de commercialisation, notamment pour les petits agriculteurs<\/em> \u00bb, annonce le minist\u00e8re de l\u2019agriculture.<\/p>\n\n\n\n<figure class=\"wp-block-image size-large\"><img loading=\"lazy\" decoding=\"async\" width=\"1000\" height=\"604\" src=\"https:\/\/www.foodmagazine.ma\/wp-content\/uploads\/2021\/12\/DSC_7513-ajuste\u0301e.jpg\" alt=\"\" class=\"wp-image-4943\" srcset=\"https:\/\/www.foodmagazine.ma\/wp-content\/uploads\/2021\/12\/DSC_7513-ajuste\u0301e.jpg 1000w, https:\/\/www.foodmagazine.ma\/wp-content\/uploads\/2021\/12\/DSC_7513-ajuste\u0301e-300x181.jpg 300w, https:\/\/www.foodmagazine.ma\/wp-content\/uploads\/2021\/12\/DSC_7513-ajuste\u0301e-768x464.jpg 768w\" sizes=\"auto, (max-width: 1000px) 100vw, 1000px\" \/><\/figure>\n\n\n\n<p>Le roadshow, qui couvrira toutes les r\u00e9gions du Royaume, constitue \u00e9galement une occasion pour faire le point sur les acquis de l\u2019agr\u00e9gation et pr\u00e9senter son renforcement gr\u00e2ce au nouveau dispositif r\u00e9glementaire. Ce dernier repose sur la mise en \u0153uvre de deux nouveaux arr\u00eat\u00e9s d\u2019application de la loi 04-12 portant sur l\u2019agr\u00e9gation agricole, qui renforcent le partenariat agr\u00e9gateurs &#8211; agr\u00e9g\u00e9s. Concr\u00e8tement, les proc\u00e9dures sont simplifi\u00e9es et assouplies, les crit\u00e8res d\u2019\u00e9ligibilit\u00e9 r\u00e9vis\u00e9s et de nouveaux mod\u00e8les et fili\u00e8res sont int\u00e9gr\u00e9s. Enfin, des incitations \u00e0 taux pr\u00e9f\u00e9rentiel sont octroy\u00e9es au mat\u00e9riel d\u2019\u00e9levage, d\u2019\u00e9quipement agricole et d\u2019am\u00e9nagement hydro-agricole.<\/p>\n\n\n\n<p>De quoi encourager la cr\u00e9ation de davantage de partenariats \u00ab win-win \u00bb entre agro-industriels et agriculteurs afin d\u2019am\u00e9liorer la valorisation et la tra\u00e7abilit\u00e9 de produits marocains de qualit\u00e9.<\/p>\n","protected":false},"excerpt":{"rendered":"<p>Le 30 novembre 2021, le ministre de l\u2019agriculture Mohammed Sadiki a donn\u00e9 le coup d\u2019envoi officiel du roadshow national sur l\u2019agr\u00e9gation agricole \u00ab nouvelle g\u00e9n\u00e9ration \u00bb, en pr\u00e9sence de nombreux investisseurs et agro-industriels, de repr\u00e9sentants des interprofessions et de responsables institutionnels. L\u2019objectif de cet \u00e9v\u00e9nement pilot\u00e9 par l\u2019Agence de d\u00e9veloppement agricole (ADA) \u00e9tait de mobiliser &hellip;<\/p>\n","protected":false},"author":1,"featured_media":4944,"comment_status":"open","ping_status":"closed","sticky":false,"template":"","format":"standard","meta":{"footnotes":""},"categories":[6,2],"tags":[],"class_list":["post-4942","post","type-post","status-publish","format-standard","has-post-thumbnail","","category-a-la-une","category-actus-maroc"],"aioseo_notices":[],"_links":{"self":[{"href":"https:\/\/www.foodmagazine.ma\/index.php?rest_route=\/wp\/v2\/posts\/4942","targetHints":{"allow":["GET"]}}],"collection":[{"href":"https:\/\/www.foodmagazine.ma\/index.php?rest_route=\/wp\/v2\/posts"}],"about":[{"href":"https:\/\/www.foodmagazine.ma\/index.php?rest_route=\/wp\/v2\/types\/post"}],"author":[{"embeddable":true,"href":"https:\/\/www.foodmagazine.ma\/index.php?rest_route=\/wp\/v2\/users\/1"}],"replies":[{"embeddable":true,"href":"https:\/\/www.foodmagazine.ma\/index.php?rest_route=%2Fwp%2Fv2%2Fcomments&post=4942"}],"version-history":[{"count":2,"href":"https:\/\/www.foodmagazine.ma\/index.php?rest_route=\/wp\/v2\/posts\/4942\/revisions"}],"predecessor-version":[{"id":4955,"href":"https:\/\/www.foodmagazine.ma\/index.php?rest_route=\/wp\/v2\/posts\/4942\/revisions\/4955"}],"wp:featuredmedia":[{"embeddable":true,"href":"https:\/\/www.foodmagazine.ma\/index.php?rest_route=\/wp\/v2\/media\/4944"}],"wp:attachment":[{"href":"https:\/\/www.foodmagazine.ma\/index.php?rest_route=%2Fwp%2Fv2%2Fmedia&parent=4942"}],"wp:term":[{"taxonomy":"category","embeddable":true,"href":"https:\/\/www.foodmagazine.ma\/index.php?rest_route=%2Fwp%2Fv2%2Fcategories&post=4942"},{"taxonomy":"post_tag","embeddable":true,"href":"https:\/\/www.foodmagazine.ma\/index.php?rest_route=%2Fwp%2Fv2%2Ftags&post=4942"}],"curies":[{"name":"wp","href":"https:\/\/api.w.org\/{rel}","templated":true}]}}