{"id":4946,"date":"2021-12-07T11:42:19","date_gmt":"2021-12-07T10:42:19","guid":{"rendered":"http:\/\/www.foodmagazine.ma\/?p=4946"},"modified":"2021-12-07T11:42:21","modified_gmt":"2021-12-07T10:42:21","slug":"centrale-danone-se-retire-de-la-bourse-de-casablanca","status":"publish","type":"post","link":"https:\/\/www.foodmagazine.ma\/?p=4946","title":{"rendered":"Centrale Danone se retire de la Bourse de Casablanca !"},"content":{"rendered":"\n<figure class=\"wp-block-image size-large\"><img loading=\"lazy\" decoding=\"async\" width=\"1000\" height=\"659\" src=\"https:\/\/www.foodmagazine.ma\/wp-content\/uploads\/2021\/12\/Logo-Centrale-Danone.jpg\" alt=\"\" class=\"wp-image-4947\" srcset=\"https:\/\/www.foodmagazine.ma\/wp-content\/uploads\/2021\/12\/Logo-Centrale-Danone.jpg 1000w, https:\/\/www.foodmagazine.ma\/wp-content\/uploads\/2021\/12\/Logo-Centrale-Danone-300x198.jpg 300w, https:\/\/www.foodmagazine.ma\/wp-content\/uploads\/2021\/12\/Logo-Centrale-Danone-768x506.jpg 768w, https:\/\/www.foodmagazine.ma\/wp-content\/uploads\/2021\/12\/Logo-Centrale-Danone-310x205.jpg 310w\" sizes=\"auto, (max-width: 1000px) 100vw, 1000px\" \/><\/figure>\n\n\n\n<p>Le leader de l\u2019industrie laiti\u00e8re au Maroc vient d\u2019annoncer sa volont\u00e9 de demander sa radiation de la Course de Casablanca. En effet, l\u2019Autorit\u00e9 marocaine du march\u00e9 des capitaux (AMMC) vient de porter \u00e0 la connaissance du public que la soci\u00e9t\u00e9 Compagnie Gervais Danone avait d\u00e9pos\u00e9 un projet d\u2019offre publique de retrait visant les actions Centrale Danone.<\/p>\n\n\n\n<p>En cons\u00e9quence, l\u2019AMMC a demand\u00e9 \u00e0 la place casablancaise de suspendre la cotation des actions Centrale Danone, et ce d\u00e8s le 3 d\u00e9cembre 2021.<\/p>\n\n\n\n<p>Soulignons que le projet d\u2019offre publique de retrait porte sur les actions Centrale Danone non d\u00e9tenues par Compagnie Gervais Danone, soit une part minime du capital, Centrale Danone \u00e9tant d\u00e9tenue \u00e0 99,68% par la maison m\u00e8re fran\u00e7aise. La recevabilit\u00e9 de ce projet sera examin\u00e9e sous 15 jours par l\u2019AMMC.<\/p>\n","protected":false},"excerpt":{"rendered":"<p>Le leader de l\u2019industrie laiti\u00e8re au Maroc vient d\u2019annoncer sa volont\u00e9 de demander sa radiation de la Course de Casablanca. En effet, l\u2019Autorit\u00e9 marocaine du march\u00e9 des capitaux (AMMC) vient de porter \u00e0 la connaissance du public que la soci\u00e9t\u00e9 Compagnie Gervais Danone avait d\u00e9pos\u00e9 un projet d\u2019offre publique de retrait visant les actions Centrale &hellip;<\/p>\n","protected":false},"author":1,"featured_media":4947,"comment_status":"open","ping_status":"closed","sticky":false,"template":"","format":"standard","meta":{"footnotes":""},"categories":[6,2],"tags":[],"class_list":["post-4946","post","type-post","status-publish","format-standard","has-post-thumbnail","","category-a-la-une","category-actus-maroc"],"aioseo_notices":[],"_links":{"self":[{"href":"https:\/\/www.foodmagazine.ma\/index.php?rest_route=\/wp\/v2\/posts\/4946","targetHints":{"allow":["GET"]}}],"collection":[{"href":"https:\/\/www.foodmagazine.ma\/index.php?rest_route=\/wp\/v2\/posts"}],"about":[{"href":"https:\/\/www.foodmagazine.ma\/index.php?rest_route=\/wp\/v2\/types\/post"}],"author":[{"embeddable":true,"href":"https:\/\/www.foodmagazine.ma\/index.php?rest_route=\/wp\/v2\/users\/1"}],"replies":[{"embeddable":true,"href":"https:\/\/www.foodmagazine.ma\/index.php?rest_route=%2Fwp%2Fv2%2Fcomments&post=4946"}],"version-history":[{"count":1,"href":"https:\/\/www.foodmagazine.ma\/index.php?rest_route=\/wp\/v2\/posts\/4946\/revisions"}],"predecessor-version":[{"id":4948,"href":"https:\/\/www.foodmagazine.ma\/index.php?rest_route=\/wp\/v2\/posts\/4946\/revisions\/4948"}],"wp:featuredmedia":[{"embeddable":true,"href":"https:\/\/www.foodmagazine.ma\/index.php?rest_route=\/wp\/v2\/media\/4947"}],"wp:attachment":[{"href":"https:\/\/www.foodmagazine.ma\/index.php?rest_route=%2Fwp%2Fv2%2Fmedia&parent=4946"}],"wp:term":[{"taxonomy":"category","embeddable":true,"href":"https:\/\/www.foodmagazine.ma\/index.php?rest_route=%2Fwp%2Fv2%2Fcategories&post=4946"},{"taxonomy":"post_tag","embeddable":true,"href":"https:\/\/www.foodmagazine.ma\/index.php?rest_route=%2Fwp%2Fv2%2Ftags&post=4946"}],"curies":[{"name":"wp","href":"https:\/\/api.w.org\/{rel}","templated":true}]}}