{"id":4994,"date":"2021-12-14T12:41:22","date_gmt":"2021-12-14T11:41:22","guid":{"rendered":"http:\/\/www.foodmagazine.ma\/?p=4994"},"modified":"2021-12-14T12:41:25","modified_gmt":"2021-12-14T11:41:25","slug":"province-de-berkane-journee-detude-et-lancement-de-plusieurs-projets-de-developpement-agricole-et-rural","status":"publish","type":"post","link":"https:\/\/www.foodmagazine.ma\/?p=4994","title":{"rendered":"Province de Berkane : journ\u00e9e d\u2019\u00e9tude et lancement de plusieurs projets de d\u00e9veloppement agricole et rural"},"content":{"rendered":"\n<figure class=\"wp-block-image size-large\"><img loading=\"lazy\" decoding=\"async\" width=\"1000\" height=\"666\" src=\"https:\/\/www.foodmagazine.ma\/wp-content\/uploads\/2021\/12\/WhatsApp-Image-2021-12-11-at-13.28.54-1.jpg\" alt=\"\" class=\"wp-image-4995\" srcset=\"https:\/\/www.foodmagazine.ma\/wp-content\/uploads\/2021\/12\/WhatsApp-Image-2021-12-11-at-13.28.54-1.jpg 1000w, https:\/\/www.foodmagazine.ma\/wp-content\/uploads\/2021\/12\/WhatsApp-Image-2021-12-11-at-13.28.54-1-300x200.jpg 300w, https:\/\/www.foodmagazine.ma\/wp-content\/uploads\/2021\/12\/WhatsApp-Image-2021-12-11-at-13.28.54-1-768x511.jpg 768w, https:\/\/www.foodmagazine.ma\/wp-content\/uploads\/2021\/12\/WhatsApp-Image-2021-12-11-at-13.28.54-1-310x205.jpg 310w\" sizes=\"auto, (max-width: 1000px) 100vw, 1000px\" \/><\/figure>\n\n\n\n<p>Le ministre de l&#8217;Agriculture, de la p\u00eache maritime, du d\u00e9veloppement rural et des eaux et for\u00eats, Mohammed Sadiki, a pr\u00e9sid\u00e9, le 11 d\u00e9cembre 2021, une journ\u00e9e d&#8217;\u00e9tude sur l&#8217;agriculture de pr\u00e9cision et intelligente \u00e0 l\u2019Agropole de Berkane. M. Sadiki a indiqu\u00e9 que la transformation num\u00e9rique est l&#8217;un des piliers de la strat\u00e9gie G\u00e9n\u00e9ration Green 2020-2030, qui pr\u00e9voit de connecter pas moins de 2 millions d\u2019agriculteurs \u00e0 des plateformes de services digitaux. Il a \u00e9galement soulign\u00e9 que la transformation digitale permettra le d\u00e9veloppement du secteur agricole en termes de m\u00e9thodes de travail et de production.<\/p>\n\n\n\n<p>Par ailleurs, le Ministre a proc\u00e9d\u00e9 au lancement de plusieurs projets de d\u00e9veloppement agricole et rural dans la province de Berkane. Au niveau de la commune territoriale de Madagh, il a lanc\u00e9 les travaux de r\u00e9habilitation du r\u00e9seau d\u2019irrigation gravitaire du p\u00e9rim\u00e8tre irrigu\u00e9 de Moulouya. Ce projet vise \u00e0 r\u00e9habiliter les zones d\u00e9labr\u00e9es du syst\u00e8me d\u2019irrigation gravitaire des p\u00e9rim\u00e8tres irrigu\u00e9s \u00e0 une distance de 11,3 kilom\u00e8tre, pour un co\u00fbt de 21,2 millions de dirhams. Le Ministre a \u00e9galement lanc\u00e9 le programme d\u2019entretien du r\u00e9seau d&#8217;irrigation et de drainage des eaux au niveau des p\u00e9rim\u00e8tres d&#8217;irrigation de Triffa, Zaio, Bouareg, Garet et Tafarta, avec une enveloppe financi\u00e8re de 28 millions de dirhams allou\u00e9e pour l&#8217;ann\u00e9e 2021.<\/p>\n\n\n\n<p>Au niveau de la commune territoriale Laatamna, M. Sadiki a pris connaissance de l\u2019avancement du programme d&#8217;am\u00e9nagement et de rev\u00eatement de la piste rurale de Chnen, ainsi que du programme d&#8217;am\u00e9nagement et de rev\u00eatement des pistes rurales au niveau de la zone d\u2019action de l\u2019office r\u00e9gional de mise en valeur agricole de Moulouya pour la p\u00e9riode entre 2019 et 2021.<\/p>\n\n\n\n<p>Pour rappel, le p\u00e9rim\u00e8tre irrigu\u00e9 de la Moulouya est l&#8217;un des p\u00e9rim\u00e8tres irrigu\u00e9s les plus importants du Royaume, o\u00f9 les superficies de grande hydraulique et de petite et moyenne hydraulique, s&#8217;\u00e9l\u00e8vent respectivement \u00e0 66 728 hectares et 10 700 ha. Le p\u00e9rim\u00e8tre irrigu\u00e9 de la Moulouya dispose \u00e9galement d&#8217;\u00e9quipements hydro-agricoles tr\u00e8s importants et comprend 16 stations de pompage d&#8217;eau et un tr\u00e8s important r\u00e9seau de distribution d&#8217;eau d&#8217;irrigation de 1 689 km, en plus de 288 km de canaux principaux, et un r\u00e9seau de pistes rurales de 1 115 km.<\/p>\n","protected":false},"excerpt":{"rendered":"<p>Le ministre de l&#8217;Agriculture, de la p\u00eache maritime, du d\u00e9veloppement rural et des eaux et for\u00eats, Mohammed Sadiki, a pr\u00e9sid\u00e9, le 11 d\u00e9cembre 2021, une journ\u00e9e d&#8217;\u00e9tude sur l&#8217;agriculture de pr\u00e9cision et intelligente \u00e0 l\u2019Agropole de Berkane. M. Sadiki a indiqu\u00e9 que la transformation num\u00e9rique est l&#8217;un des piliers de la strat\u00e9gie G\u00e9n\u00e9ration Green 2020-2030, &hellip;<\/p>\n","protected":false},"author":1,"featured_media":4995,"comment_status":"open","ping_status":"closed","sticky":false,"template":"","format":"standard","meta":{"footnotes":""},"categories":[6,2],"tags":[],"class_list":["post-4994","post","type-post","status-publish","format-standard","has-post-thumbnail","","category-a-la-une","category-actus-maroc"],"aioseo_notices":[],"_links":{"self":[{"href":"https:\/\/www.foodmagazine.ma\/index.php?rest_route=\/wp\/v2\/posts\/4994","targetHints":{"allow":["GET"]}}],"collection":[{"href":"https:\/\/www.foodmagazine.ma\/index.php?rest_route=\/wp\/v2\/posts"}],"about":[{"href":"https:\/\/www.foodmagazine.ma\/index.php?rest_route=\/wp\/v2\/types\/post"}],"author":[{"embeddable":true,"href":"https:\/\/www.foodmagazine.ma\/index.php?rest_route=\/wp\/v2\/users\/1"}],"replies":[{"embeddable":true,"href":"https:\/\/www.foodmagazine.ma\/index.php?rest_route=%2Fwp%2Fv2%2Fcomments&post=4994"}],"version-history":[{"count":1,"href":"https:\/\/www.foodmagazine.ma\/index.php?rest_route=\/wp\/v2\/posts\/4994\/revisions"}],"predecessor-version":[{"id":4996,"href":"https:\/\/www.foodmagazine.ma\/index.php?rest_route=\/wp\/v2\/posts\/4994\/revisions\/4996"}],"wp:featuredmedia":[{"embeddable":true,"href":"https:\/\/www.foodmagazine.ma\/index.php?rest_route=\/wp\/v2\/media\/4995"}],"wp:attachment":[{"href":"https:\/\/www.foodmagazine.ma\/index.php?rest_route=%2Fwp%2Fv2%2Fmedia&parent=4994"}],"wp:term":[{"taxonomy":"category","embeddable":true,"href":"https:\/\/www.foodmagazine.ma\/index.php?rest_route=%2Fwp%2Fv2%2Fcategories&post=4994"},{"taxonomy":"post_tag","embeddable":true,"href":"https:\/\/www.foodmagazine.ma\/index.php?rest_route=%2Fwp%2Fv2%2Ftags&post=4994"}],"curies":[{"name":"wp","href":"https:\/\/api.w.org\/{rel}","templated":true}]}}