{"id":5220,"date":"2022-01-25T10:52:29","date_gmt":"2022-01-25T09:52:29","guid":{"rendered":"http:\/\/www.foodmagazine.ma\/?p=5220"},"modified":"2022-01-25T10:52:31","modified_gmt":"2022-01-25T09:52:31","slug":"fondation-zakoura-25-ans-dengagement-en-faveur-du-developpement-humain-et-de-belles-perspectives-pour-un-maroc-meilleur","status":"publish","type":"post","link":"https:\/\/www.foodmagazine.ma\/?p=5220","title":{"rendered":"Fondation Zakoura : 25 ans d\u2019engagement en faveur du d\u00e9veloppement humain et de belles perspectives pour un Maroc meilleur"},"content":{"rendered":"\n<figure class=\"wp-block-image size-large\"><img loading=\"lazy\" decoding=\"async\" width=\"1000\" height=\"679\" src=\"https:\/\/www.foodmagazine.ma\/wp-content\/uploads\/2022\/01\/FondationZakoura_ANEER_Preschool_1__copyright.jpg\" alt=\"\" class=\"wp-image-5221\" srcset=\"https:\/\/www.foodmagazine.ma\/wp-content\/uploads\/2022\/01\/FondationZakoura_ANEER_Preschool_1__copyright.jpg 1000w, https:\/\/www.foodmagazine.ma\/wp-content\/uploads\/2022\/01\/FondationZakoura_ANEER_Preschool_1__copyright-300x204.jpg 300w, https:\/\/www.foodmagazine.ma\/wp-content\/uploads\/2022\/01\/FondationZakoura_ANEER_Preschool_1__copyright-768x521.jpg 768w, https:\/\/www.foodmagazine.ma\/wp-content\/uploads\/2022\/01\/FondationZakoura_ANEER_Preschool_1__copyright-110x75.jpg 110w\" sizes=\"auto, (max-width: 1000px) 100vw, 1000px\" \/><\/figure>\n\n\n\n<p>La Fondation Zakoura a choisi de souligner ses 25 ans d\u2019engagement en faveur du d\u00e9veloppement humain, ce 24 janvier 2022, journ\u00e9e internationale de l\u2019\u00e9ducation. Durant ce quart de si\u00e8cle, la Fondation Zakoura a poursuivi sa mission pour une \u00e9ducation inclusive et de qualit\u00e9 pour tous. Elle a d\u00e9ploy\u00e9 des programmes int\u00e9gr\u00e9s d\u00e9di\u00e9s aux communaut\u00e9s des douars et innov\u00e9 dans ses approches mais aussi dans ses projets pour mieux servir et d\u00e9senclaver les populations en zones rurales.<\/p>\n\n\n\n<p>Anim\u00e9e par la motivation de contribuer \u00e0 un Maroc meilleur, la Fondation rappelle l\u2019importance de la capitalisation des exp\u00e9riences r\u00e9ussies et la mutualisation des efforts entre acteurs institutionnels, nationaux, internationaux et la soci\u00e9t\u00e9 civile. Elle appelle ainsi \u00e0 la mobilisation de tous et ambitionne, avec l\u2019appui de ses partenaires, donateurs, collaborateurs et b\u00e9n\u00e9voles, tous unis autour d\u2019un mot d\u2019ordre \u00ab le devoir d\u2019agir \u00bb. \u00ab <em>Un travail remarquable a \u00e9t\u00e9 fait par l\u2019\u00e9quipe de la Fondation durant l<\/em><em>\u2019<\/em><em>ann\u00e9e 2021, une ann\u00e9e encore tr<\/em><em>\u00e8<\/em><em>s marqu\u00e9e par la pr\u00e9sence du Covid-19 et pourtant, gr\u00e2ce au d\u00e9vouement et au professionnalisme de chacun d<\/em><em>\u2019<\/em><em>entre eux, de tr<\/em><em>\u00e8<\/em><em>s belles r\u00e9alisations ont \u00e9t\u00e9 <\/em><em>concr<\/em><em>\u00e9tis\u00e9es !<\/em> \u00bb, a d\u00e9clar\u00e9 M. Belahrach, pr\u00e9sident de la Fondation Zakoura.<\/p>\n\n\n\n<p>La Fondation va poursuivre son engagement en faveur du d\u00e9veloppement humain \u00e0 travers ses 3 axes strat\u00e9giques d\u2019intervention, et selon une d\u00e9marche int\u00e9gr\u00e9e privil\u00e9giant l\u2019inclusion des communaut\u00e9s. \u00ab <em>Avec le Zakoura Lab, la Fondation va renforcer son engagement pour la qualit\u00e9 et l<\/em><em>\u2019<\/em><em>innovation en \u00e9ducation, pour le d\u00e9veloppement de projets con\u00e7us pour agir comme levier d<\/em><em>\u2019<\/em><em>inclusion sociale et num\u00e9rique<\/em> \u00bb, indique M. Belahrach.<\/p>\n\n\n\n<p>La contribution \u00e0 la transformation du syst\u00e8me \u00e9ducatif, le lancement de programmes et d\u2019initiatives citoyennes pour l\u2019employabilit\u00e9 d\u2019une jeunesse prometteuse, l\u2019appui \u00e0 l\u2019entreprenariat des jeunes et des femmes, l\u2019empowerment, la formation et la qualification d\u2019acteurs sociaux et de ressources d\u00e9cisives pour l\u2019am\u00e9lioration des apprentissages seront au c\u0153ur de la vision de la Fondation pour les prochaines ann\u00e9es.<\/p>\n","protected":false},"excerpt":{"rendered":"<p>La Fondation Zakoura a choisi de souligner ses 25 ans d\u2019engagement en faveur du d\u00e9veloppement humain, ce 24 janvier 2022, journ\u00e9e internationale de l\u2019\u00e9ducation. Durant ce quart de si\u00e8cle, la Fondation Zakoura a poursuivi sa mission pour une \u00e9ducation inclusive et de qualit\u00e9 pour tous. Elle a d\u00e9ploy\u00e9 des programmes int\u00e9gr\u00e9s d\u00e9di\u00e9s aux communaut\u00e9s des &hellip;<\/p>\n","protected":false},"author":1,"featured_media":5221,"comment_status":"open","ping_status":"closed","sticky":false,"template":"","format":"standard","meta":{"footnotes":""},"categories":[6,2],"tags":[],"class_list":["post-5220","post","type-post","status-publish","format-standard","has-post-thumbnail","","category-a-la-une","category-actus-maroc"],"aioseo_notices":[],"_links":{"self":[{"href":"https:\/\/www.foodmagazine.ma\/index.php?rest_route=\/wp\/v2\/posts\/5220","targetHints":{"allow":["GET"]}}],"collection":[{"href":"https:\/\/www.foodmagazine.ma\/index.php?rest_route=\/wp\/v2\/posts"}],"about":[{"href":"https:\/\/www.foodmagazine.ma\/index.php?rest_route=\/wp\/v2\/types\/post"}],"author":[{"embeddable":true,"href":"https:\/\/www.foodmagazine.ma\/index.php?rest_route=\/wp\/v2\/users\/1"}],"replies":[{"embeddable":true,"href":"https:\/\/www.foodmagazine.ma\/index.php?rest_route=%2Fwp%2Fv2%2Fcomments&post=5220"}],"version-history":[{"count":1,"href":"https:\/\/www.foodmagazine.ma\/index.php?rest_route=\/wp\/v2\/posts\/5220\/revisions"}],"predecessor-version":[{"id":5222,"href":"https:\/\/www.foodmagazine.ma\/index.php?rest_route=\/wp\/v2\/posts\/5220\/revisions\/5222"}],"wp:featuredmedia":[{"embeddable":true,"href":"https:\/\/www.foodmagazine.ma\/index.php?rest_route=\/wp\/v2\/media\/5221"}],"wp:attachment":[{"href":"https:\/\/www.foodmagazine.ma\/index.php?rest_route=%2Fwp%2Fv2%2Fmedia&parent=5220"}],"wp:term":[{"taxonomy":"category","embeddable":true,"href":"https:\/\/www.foodmagazine.ma\/index.php?rest_route=%2Fwp%2Fv2%2Fcategories&post=5220"},{"taxonomy":"post_tag","embeddable":true,"href":"https:\/\/www.foodmagazine.ma\/index.php?rest_route=%2Fwp%2Fv2%2Ftags&post=5220"}],"curies":[{"name":"wp","href":"https:\/\/api.w.org\/{rel}","templated":true}]}}