{"id":5424,"date":"2022-02-22T13:49:04","date_gmt":"2022-02-22T12:49:04","guid":{"rendered":"http:\/\/www.foodmagazine.ma\/?p=5424"},"modified":"2022-02-22T13:49:06","modified_gmt":"2022-02-22T12:49:06","slug":"export-lasmex-et-lompic-renforcent-leur-partenariat-au-service-des-exportateurs","status":"publish","type":"post","link":"https:\/\/www.foodmagazine.ma\/?p=5424","title":{"rendered":"Export : l\u2019ASMEX et l\u2019OMPIC renforcent leur partenariat au service des exportateurs"},"content":{"rendered":"\n<figure class=\"wp-block-image size-large\"><img loading=\"lazy\" decoding=\"async\" width=\"1000\" height=\"451\" src=\"https:\/\/www.foodmagazine.ma\/wp-content\/uploads\/2022\/02\/Photos-ASMEX-OMPIC.jpg\" alt=\"\" class=\"wp-image-5425\" srcset=\"https:\/\/www.foodmagazine.ma\/wp-content\/uploads\/2022\/02\/Photos-ASMEX-OMPIC.jpg 1000w, https:\/\/www.foodmagazine.ma\/wp-content\/uploads\/2022\/02\/Photos-ASMEX-OMPIC-300x135.jpg 300w, https:\/\/www.foodmagazine.ma\/wp-content\/uploads\/2022\/02\/Photos-ASMEX-OMPIC-768x346.jpg 768w\" sizes=\"auto, (max-width: 1000px) 100vw, 1000px\" \/><\/figure>\n\n\n\n<p>Le 17 f\u00e9vrier 2022, le pr\u00e9sident de l\u2019Association marocaine des exportateurs (ASMEX), accompagn\u00e9 de quelques membres du bureau ex\u00e9cutif, a re\u00e7u au si\u00e8ge de l\u2019association, le directeur g\u00e9n\u00e9ral de l\u2019Office marocain de la propri\u00e9t\u00e9 industrielle et commerciale (OMPIC), Abdelaziz Babqiqi. Cette r\u00e9union fait suite \u00e0 la volont\u00e9 de l\u2019ASMEX et de l\u2019OMPIC de renforcer leur partenariat pour mieux servir les exportateurs marocains, notamment dans le cadre de leur sensibilisation sur le volet de la propri\u00e9t\u00e9 industrielle.<\/p>\n\n\n\n<p>L\u2019ASMEX a suivi, \u00e0 cette occasion, la pr\u00e9sentation par l\u2019OMPIC de sa strat\u00e9gie pour accompagner les entreprises dans le domaine de la propri\u00e9t\u00e9 industrielle, o\u00f9 la digitalisation joue un r\u00f4le important. L\u2019ASMEX consid\u00e8re que d\u00e9sormais la propri\u00e9t\u00e9 industrielle est un \u00e9l\u00e9ment strat\u00e9gique et d\u00e9terminant pour la comp\u00e9titivit\u00e9 des entreprises au niveau local et \u00e0 l\u2019export.<\/p>\n\n\n\n<p>\u00c0 l\u2019issue de cette r\u00e9union, les deux parties ont convenu, d\u2019un c\u00f4t\u00e9, de mettre \u00e0 jour la convention cadre de partenariat conclue en 2015, afin d\u2019\u00e9largir le champ d\u2019actions des deux partenaires dans l\u2019objectif de mieux sensibiliser, informer et former les exportateurs en mati\u00e8re de propri\u00e9t\u00e9 industrielle notamment les marques. D\u2019un autre c\u00f4t\u00e9, l\u2019ASMEX et l\u2019OMPIC ont d\u00e9cid\u00e9 de tenir des r\u00e9unions r\u00e9guli\u00e8res de concertation, autour des sujets et des probl\u00e9matiques \u00e9ventuellement rencontr\u00e9s par les exportateurs dans le domaine d\u2019intervention de l\u2019OMPIC. Enfin, il a \u00e9t\u00e9 d\u00e9cid\u00e9 de recueillir des propositions \u00e0 int\u00e9grer dans le cadre de l\u2019amendement de la loi 17-97, relative \u00e0 la propri\u00e9t\u00e9 industrielle, pour tenir compte notamment des innovations et \u00e9volutions technologiques comme le Metaverse.<\/p>\n","protected":false},"excerpt":{"rendered":"<p>Le 17 f\u00e9vrier 2022, le pr\u00e9sident de l\u2019Association marocaine des exportateurs (ASMEX), accompagn\u00e9 de quelques membres du bureau ex\u00e9cutif, a re\u00e7u au si\u00e8ge de l\u2019association, le directeur g\u00e9n\u00e9ral de l\u2019Office marocain de la propri\u00e9t\u00e9 industrielle et commerciale (OMPIC), Abdelaziz Babqiqi. Cette r\u00e9union fait suite \u00e0 la volont\u00e9 de l\u2019ASMEX et de l\u2019OMPIC de renforcer leur &hellip;<\/p>\n","protected":false},"author":1,"featured_media":5425,"comment_status":"open","ping_status":"closed","sticky":false,"template":"","format":"standard","meta":{"footnotes":""},"categories":[6,2],"tags":[],"class_list":["post-5424","post","type-post","status-publish","format-standard","has-post-thumbnail","","category-a-la-une","category-actus-maroc"],"aioseo_notices":[],"_links":{"self":[{"href":"https:\/\/www.foodmagazine.ma\/index.php?rest_route=\/wp\/v2\/posts\/5424","targetHints":{"allow":["GET"]}}],"collection":[{"href":"https:\/\/www.foodmagazine.ma\/index.php?rest_route=\/wp\/v2\/posts"}],"about":[{"href":"https:\/\/www.foodmagazine.ma\/index.php?rest_route=\/wp\/v2\/types\/post"}],"author":[{"embeddable":true,"href":"https:\/\/www.foodmagazine.ma\/index.php?rest_route=\/wp\/v2\/users\/1"}],"replies":[{"embeddable":true,"href":"https:\/\/www.foodmagazine.ma\/index.php?rest_route=%2Fwp%2Fv2%2Fcomments&post=5424"}],"version-history":[{"count":1,"href":"https:\/\/www.foodmagazine.ma\/index.php?rest_route=\/wp\/v2\/posts\/5424\/revisions"}],"predecessor-version":[{"id":5426,"href":"https:\/\/www.foodmagazine.ma\/index.php?rest_route=\/wp\/v2\/posts\/5424\/revisions\/5426"}],"wp:featuredmedia":[{"embeddable":true,"href":"https:\/\/www.foodmagazine.ma\/index.php?rest_route=\/wp\/v2\/media\/5425"}],"wp:attachment":[{"href":"https:\/\/www.foodmagazine.ma\/index.php?rest_route=%2Fwp%2Fv2%2Fmedia&parent=5424"}],"wp:term":[{"taxonomy":"category","embeddable":true,"href":"https:\/\/www.foodmagazine.ma\/index.php?rest_route=%2Fwp%2Fv2%2Fcategories&post=5424"},{"taxonomy":"post_tag","embeddable":true,"href":"https:\/\/www.foodmagazine.ma\/index.php?rest_route=%2Fwp%2Fv2%2Ftags&post=5424"}],"curies":[{"name":"wp","href":"https:\/\/api.w.org\/{rel}","templated":true}]}}