{"id":5532,"date":"2022-03-16T10:58:06","date_gmt":"2022-03-16T09:58:06","guid":{"rendered":"http:\/\/www.foodmagazine.ma\/?p=5532"},"modified":"2022-03-16T10:58:08","modified_gmt":"2022-03-16T09:58:08","slug":"morocco-foodex-de-bons-resultats-pour-les-exportations-marocaines-lors-de-la-campagne-2020-2021","status":"publish","type":"post","link":"https:\/\/www.foodmagazine.ma\/?p=5532","title":{"rendered":"Morocco Foodex : de bons r\u00e9sultats pour les exportations marocaines lors de la campagne 2020-2021"},"content":{"rendered":"\n<figure class=\"wp-block-image size-large\"><img loading=\"lazy\" decoding=\"async\" width=\"1000\" height=\"620\" src=\"https:\/\/www.foodmagazine.ma\/wp-content\/uploads\/2022\/03\/WhatsApp-Image-2022-03-07-at-11.34.39.jpg\" alt=\"\" class=\"wp-image-5533\" srcset=\"https:\/\/www.foodmagazine.ma\/wp-content\/uploads\/2022\/03\/WhatsApp-Image-2022-03-07-at-11.34.39.jpg 1000w, https:\/\/www.foodmagazine.ma\/wp-content\/uploads\/2022\/03\/WhatsApp-Image-2022-03-07-at-11.34.39-300x186.jpg 300w, https:\/\/www.foodmagazine.ma\/wp-content\/uploads\/2022\/03\/WhatsApp-Image-2022-03-07-at-11.34.39-768x476.jpg 768w\" sizes=\"auto, (max-width: 1000px) 100vw, 1000px\" \/><\/figure>\n\n\n\n<p>Afin de pr\u00e9senter le bilan de ses r\u00e9alisations physiques et financi\u00e8res au titre de l\u2019ann\u00e9e 2021, l\u2019Etablissement autonome de contr\u00f4le et de coordination des exportations (Morocco Foodex), a organis\u00e9 le 7 mars 2022 \u00e0 Casablanca son conseil d\u2019administration.<\/p>\n\n\n\n<p>Pr\u00e9sid\u00e9 par Mohamed Sadiki, Ministre de l\u2019Agriculture, de la p\u00eache maritime, du d\u00e9veloppement rural et des eaux et for\u00eats, cette session a vu la participation du pr\u00e9sident de la F\u00e9d\u00e9ration des chambres d\u2019agriculture et des repr\u00e9sentants des interprofessions et professionnels des diff\u00e9rentes fili\u00e8res exportatrices des domaines de l\u2019agriculture et de la p\u00eache maritime. Le conseil d\u2019administration a permis de mettre en lumi\u00e8re les r\u00e9alisations, les activit\u00e9s de contr\u00f4le technique, de coordination, de veille et de d\u00e9veloppement des exportations, ainsi que les actions de promotion des exportations de Morocco Foodex.<\/p>\n\n\n\n<p>Ainsi, parmi les principales r\u00e9alisations de Morocco Foodex, citons le d\u00e9veloppement d\u2019un nouveau dispositif de veille strat\u00e9gique op\u00e9rationnelle visant \u00e0 mettre \u00e0 la disposition des d\u00e9cideurs publics et priv\u00e9s les informations pertinentes relatives aux march\u00e9s de destination. Par ailleurs, 2021 a \u00e9t\u00e9 marqu\u00e9e par le renforcement du d\u00e9ploiement du syst\u00e8me \u00ab Easy Food Export \u00bb, projet de digitalisation des activit\u00e9s de contr\u00f4le technique lanc\u00e9 en 2019.<\/p>\n\n\n\n<p>Pour ce qui est de la situation des exportations dans le secteur, selon Morocco Foodex, la campagne 2021-2022 a enregistr\u00e9 de bonnes performances malgr\u00e9 un contexte international difficile. En effet, il a \u00e9t\u00e9 indiqu\u00e9 que la valeur des exportations des produits alimentaires agricoles et maritimes a atteint durant l\u2019ann\u00e9e 2021, 68,4 milliards de dirhams, enregistrant ainsi une croissance de 9% par rapport \u00e0 l\u2019ann\u00e9e 2020. \u00c0 titre d\u2019exemple, concernant les exportations de produits mara\u00eechers, elles ont connu lors de la saison 2021-2022 une croissance de 18% par rapport \u00e0 celle de 2020-2021 avec volume total de plus de 773 000 tonnes export\u00e9es.<\/p>\n\n\n\n<p>En revanche, une l\u00e9g\u00e8re baisse de 4 % a \u00e9t\u00e9 notifi\u00e9e en ce qui concerne les produits de la p\u00eache lors de l\u2019ann\u00e9e 2021. Ceci dit, pour le compte de l\u2019ann\u00e9e 2022, les exportations des produits de la p\u00eache ont d\u00e9j\u00e0 enregistr\u00e9 \u00e0 fin f\u00e9vrier une croissance de l\u2019ordre de 17% en volume et 44% en valeur par rapport \u00e0 la m\u00eame p\u00e9riode l\u2019ann\u00e9e 2021.<\/p>\n","protected":false},"excerpt":{"rendered":"<p>Afin de pr\u00e9senter le bilan de ses r\u00e9alisations physiques et financi\u00e8res au titre de l\u2019ann\u00e9e 2021, l\u2019Etablissement autonome de contr\u00f4le et de coordination des exportations (Morocco Foodex), a organis\u00e9 le 7 mars 2022 \u00e0 Casablanca son conseil d\u2019administration. Pr\u00e9sid\u00e9 par Mohamed Sadiki, Ministre de l\u2019Agriculture, de la p\u00eache maritime, du d\u00e9veloppement rural et des eaux &hellip;<\/p>\n","protected":false},"author":1,"featured_media":5533,"comment_status":"open","ping_status":"closed","sticky":false,"template":"","format":"standard","meta":{"footnotes":""},"categories":[6,2],"tags":[],"class_list":["post-5532","post","type-post","status-publish","format-standard","has-post-thumbnail","","category-a-la-une","category-actus-maroc"],"aioseo_notices":[],"_links":{"self":[{"href":"https:\/\/www.foodmagazine.ma\/index.php?rest_route=\/wp\/v2\/posts\/5532","targetHints":{"allow":["GET"]}}],"collection":[{"href":"https:\/\/www.foodmagazine.ma\/index.php?rest_route=\/wp\/v2\/posts"}],"about":[{"href":"https:\/\/www.foodmagazine.ma\/index.php?rest_route=\/wp\/v2\/types\/post"}],"author":[{"embeddable":true,"href":"https:\/\/www.foodmagazine.ma\/index.php?rest_route=\/wp\/v2\/users\/1"}],"replies":[{"embeddable":true,"href":"https:\/\/www.foodmagazine.ma\/index.php?rest_route=%2Fwp%2Fv2%2Fcomments&post=5532"}],"version-history":[{"count":1,"href":"https:\/\/www.foodmagazine.ma\/index.php?rest_route=\/wp\/v2\/posts\/5532\/revisions"}],"predecessor-version":[{"id":5534,"href":"https:\/\/www.foodmagazine.ma\/index.php?rest_route=\/wp\/v2\/posts\/5532\/revisions\/5534"}],"wp:featuredmedia":[{"embeddable":true,"href":"https:\/\/www.foodmagazine.ma\/index.php?rest_route=\/wp\/v2\/media\/5533"}],"wp:attachment":[{"href":"https:\/\/www.foodmagazine.ma\/index.php?rest_route=%2Fwp%2Fv2%2Fmedia&parent=5532"}],"wp:term":[{"taxonomy":"category","embeddable":true,"href":"https:\/\/www.foodmagazine.ma\/index.php?rest_route=%2Fwp%2Fv2%2Fcategories&post=5532"},{"taxonomy":"post_tag","embeddable":true,"href":"https:\/\/www.foodmagazine.ma\/index.php?rest_route=%2Fwp%2Fv2%2Ftags&post=5532"}],"curies":[{"name":"wp","href":"https:\/\/api.w.org\/{rel}","templated":true}]}}