{"id":5790,"date":"2022-04-26T13:47:35","date_gmt":"2022-04-26T13:47:35","guid":{"rendered":"http:\/\/www.foodmagazine.ma\/?p=5790"},"modified":"2022-04-26T13:47:38","modified_gmt":"2022-04-26T13:47:38","slug":"maroc-arabie-saoudite-un-partenariat-pour-consolider-les-relations-entre-les-deux-pays","status":"publish","type":"post","link":"https:\/\/www.foodmagazine.ma\/?p=5790","title":{"rendered":"Maroc &#8211; Arabie Saoudite : un partenariat pour consolider les relations entre les deux pays"},"content":{"rendered":"\n<figure class=\"wp-block-image size-large\"><img loading=\"lazy\" decoding=\"async\" width=\"1000\" height=\"563\" src=\"https:\/\/www.foodmagazine.ma\/wp-content\/uploads\/2022\/04\/CP-Asmex-Arabie-saoudite-Photo.jpg\" alt=\"\" class=\"wp-image-5791\" srcset=\"https:\/\/www.foodmagazine.ma\/wp-content\/uploads\/2022\/04\/CP-Asmex-Arabie-saoudite-Photo.jpg 1000w, https:\/\/www.foodmagazine.ma\/wp-content\/uploads\/2022\/04\/CP-Asmex-Arabie-saoudite-Photo-300x169.jpg 300w, https:\/\/www.foodmagazine.ma\/wp-content\/uploads\/2022\/04\/CP-Asmex-Arabie-saoudite-Photo-768x432.jpg 768w\" sizes=\"auto, (max-width: 1000px) 100vw, 1000px\" \/><\/figure>\n\n\n\n<p>Afin de consolider les relations \u00e9conomiques et politiques entre le Maroc et l\u2019Arabie Saoudite, l\u2019Association marocaine des exportateurs (ASMEX) et l\u2019Union des chambres de commerce de l\u2019Arabie Saoudite ont paraph\u00e9, le 18 avril 2022, un m\u00e9morandum d\u2019entente de partenariat.<\/p>\n\n\n\n<p>Sign\u00e9e lors du Forum des affaires maroco-saoudien organis\u00e9 \u00e0 Jeddah, cette convention servira de cadre aux actions communes qui d\u00e9couleront des diff\u00e9rents \u00e9changes d\u00e9j\u00e0 existants entre les deux pays. Elle permettra aussi accompagner la r\u00e9alisation de projets issus de partenariats liant les deux pays, par le biais d\u2019entreprises publiques et priv\u00e9es.<\/p>\n\n\n\n<p>Dans ce sens, une ligne maritime sera ouverte entre le Maroc et l\u2019Arabie Saoudite dans les semaines \u00e0 venir, afin d\u2019insuffler une nouvelle dynamique \u00e0 la coop\u00e9ration \u00e9conomique et aux \u00e9changes commerciaux entre les deux Royaumes.<\/p>\n\n\n\n<p>\u00c0 cette occasion, les deux parties ont affirm\u00e9 leur volont\u00e9 d\u2019identifier des projets de partenariats visant l\u2019incitation des PME et TPE \u00e0 exporter des produits et des services ainsi que de promouvoir les exportations \u00e0 haute valeur ajout\u00e9e.<\/p>\n\n\n\n<p>Pour rappel, l\u2019Arabie saoudite est le premier partenaire du Maroc dans le monde arabe, avec une valeur globale des \u00e9changes commerciaux entre les deux pays qui a atteint 17,2 milliards de dirhams en 2021.<\/p>\n","protected":false},"excerpt":{"rendered":"<p>Afin de consolider les relations \u00e9conomiques et politiques entre le Maroc et l\u2019Arabie Saoudite, l\u2019Association marocaine des exportateurs (ASMEX) et l\u2019Union des chambres de commerce de l\u2019Arabie Saoudite ont paraph\u00e9, le 18 avril 2022, un m\u00e9morandum d\u2019entente de partenariat. Sign\u00e9e lors du Forum des affaires maroco-saoudien organis\u00e9 \u00e0 Jeddah, cette convention servira de cadre aux &hellip;<\/p>\n","protected":false},"author":1,"featured_media":5791,"comment_status":"open","ping_status":"closed","sticky":false,"template":"","format":"standard","meta":{"footnotes":""},"categories":[6,2],"tags":[],"class_list":["post-5790","post","type-post","status-publish","format-standard","has-post-thumbnail","","category-a-la-une","category-actus-maroc"],"aioseo_notices":[],"_links":{"self":[{"href":"https:\/\/www.foodmagazine.ma\/index.php?rest_route=\/wp\/v2\/posts\/5790","targetHints":{"allow":["GET"]}}],"collection":[{"href":"https:\/\/www.foodmagazine.ma\/index.php?rest_route=\/wp\/v2\/posts"}],"about":[{"href":"https:\/\/www.foodmagazine.ma\/index.php?rest_route=\/wp\/v2\/types\/post"}],"author":[{"embeddable":true,"href":"https:\/\/www.foodmagazine.ma\/index.php?rest_route=\/wp\/v2\/users\/1"}],"replies":[{"embeddable":true,"href":"https:\/\/www.foodmagazine.ma\/index.php?rest_route=%2Fwp%2Fv2%2Fcomments&post=5790"}],"version-history":[{"count":1,"href":"https:\/\/www.foodmagazine.ma\/index.php?rest_route=\/wp\/v2\/posts\/5790\/revisions"}],"predecessor-version":[{"id":5792,"href":"https:\/\/www.foodmagazine.ma\/index.php?rest_route=\/wp\/v2\/posts\/5790\/revisions\/5792"}],"wp:featuredmedia":[{"embeddable":true,"href":"https:\/\/www.foodmagazine.ma\/index.php?rest_route=\/wp\/v2\/media\/5791"}],"wp:attachment":[{"href":"https:\/\/www.foodmagazine.ma\/index.php?rest_route=%2Fwp%2Fv2%2Fmedia&parent=5790"}],"wp:term":[{"taxonomy":"category","embeddable":true,"href":"https:\/\/www.foodmagazine.ma\/index.php?rest_route=%2Fwp%2Fv2%2Fcategories&post=5790"},{"taxonomy":"post_tag","embeddable":true,"href":"https:\/\/www.foodmagazine.ma\/index.php?rest_route=%2Fwp%2Fv2%2Ftags&post=5790"}],"curies":[{"name":"wp","href":"https:\/\/api.w.org\/{rel}","templated":true}]}}